
{"id":3561,"date":"2024-09-18T11:34:00","date_gmt":"2024-09-18T09:34:00","guid":{"rendered":"https:\/\/przedszkole62.edu.wroclaw.pl\/?p=3561"},"modified":"2024-09-18T12:21:42","modified_gmt":"2024-09-18T10:21:42","slug":"zbiorka-charytatywna","status":"publish","type":"post","link":"https:\/\/przedszkole62.edu.wroclaw.pl\/index.php\/2024\/09\/18\/zbiorka-charytatywna\/","title":{"rendered":"Zbi\u00f3rka Charytatywna"},"content":{"rendered":"<div dir=\"ltr\" style=\"text-align: center\"><span style=\"text-decoration: underline;font-size: 24pt\"><strong>Kochani Rodzice!!!<\/strong><\/span><\/div>\n<div dir=\"ltr\">\n<div dir=\"ltr\" style=\"text-align: center\"><\/div>\n<div style=\"text-align: center\"><span style=\"font-size: 24pt\"><strong>Zach\u0119camy Pa\u0144stwa do WSPARCIA ZBI\u00d3RKI CHARYTATYWNEJ dla POWODZIAN &#x2764;&#xfe0f; Szczeg\u00f3\u0142y na plakacie w holu przedszkola!!!<\/strong><\/span><\/div>\n<div><img loading=\"lazy\" decoding=\"async\" class=\"wp-image-3560 aligncenter\" src=\"https:\/\/przedszkole62.edu.wroclaw.pl\/wp-content\/uploads\/sites\/26\/2024\/09\/thumbnail_IMG_4994-225x300.jpg\" alt=\"\" width=\"504\" height=\"672\" srcset=\"https:\/\/przedszkole62.edu.wroclaw.pl\/wp-content\/uploads\/sites\/26\/2024\/09\/thumbnail_IMG_4994-225x300.jpg 225w, https:\/\/przedszkole62.edu.wroclaw.pl\/wp-content\/uploads\/sites\/26\/2024\/09\/thumbnail_IMG_4994-rotated.jpg 481w\" sizes=\"auto, (max-width: 504px) 100vw, 504px\" \/><\/div>\n<\/div>\n","protected":false},"excerpt":{"rendered":"<p>Kochani Rodzice!!! Zach\u0119camy Pa\u0144stwa do WSPARCIA ZBI\u00d3RKI CHARYTATYWNEJ dla POWODZIAN &#x2764;&#xfe0f; Szczeg\u00f3\u0142y na plakacie w holu przedszkola!!!<\/p>\n","protected":false},"author":406,"featured_media":0,"comment_status":"closed","ping_status":"closed","sticky":false,"template":"","format":"standard","meta":{"ngg_post_thumbnail":0,"footnotes":""},"categories":[3],"tags":[],"class_list":["post-3561","post","type-post","status-publish","format-standard","hentry","category-aktualnosci_archiwum-2024-2025","clearfix"],"_links":{"self":[{"href":"https:\/\/przedszkole62.edu.wroclaw.pl\/index.php\/wp-json\/wp\/v2\/posts\/3561","targetHints":{"allow":["GET"]}}],"collection":[{"href":"https:\/\/przedszkole62.edu.wroclaw.pl\/index.php\/wp-json\/wp\/v2\/posts"}],"about":[{"href":"https:\/\/przedszkole62.edu.wroclaw.pl\/index.php\/wp-json\/wp\/v2\/types\/post"}],"author":[{"embeddable":true,"href":"https:\/\/przedszkole62.edu.wroclaw.pl\/index.php\/wp-json\/wp\/v2\/users\/406"}],"replies":[{"embeddable":true,"href":"https:\/\/przedszkole62.edu.wroclaw.pl\/index.php\/wp-json\/wp\/v2\/comments?post=3561"}],"version-history":[{"count":3,"href":"https:\/\/przedszkole62.edu.wroclaw.pl\/index.php\/wp-json\/wp\/v2\/posts\/3561\/revisions"}],"predecessor-version":[{"id":3564,"href":"https:\/\/przedszkole62.edu.wroclaw.pl\/index.php\/wp-json\/wp\/v2\/posts\/3561\/revisions\/3564"}],"wp:attachment":[{"href":"https:\/\/przedszkole62.edu.wroclaw.pl\/index.php\/wp-json\/wp\/v2\/media?parent=3561"}],"wp:term":[{"taxonomy":"category","embeddable":true,"href":"https:\/\/przedszkole62.edu.wroclaw.pl\/index.php\/wp-json\/wp\/v2\/categories?post=3561"},{"taxonomy":"post_tag","embeddable":true,"href":"https:\/\/przedszkole62.edu.wroclaw.pl\/index.php\/wp-json\/wp\/v2\/tags?post=3561"}],"curies":[{"name":"wp","href":"https:\/\/api.w.org\/{rel}","templated":true}]}}