
{"id":3887,"date":"2024-11-08T10:00:56","date_gmt":"2024-11-08T09:00:56","guid":{"rendered":"https:\/\/przedszkole62.edu.wroclaw.pl\/?p=3887"},"modified":"2024-11-08T10:06:11","modified_gmt":"2024-11-08T09:06:11","slug":"narodowe-swieto-niepodleglosci","status":"publish","type":"post","link":"https:\/\/przedszkole62.edu.wroclaw.pl\/index.php\/2024\/11\/08\/narodowe-swieto-niepodleglosci\/","title":{"rendered":"NARODOWE \u015aWI\u0118TO NIEPODLEG\u0141O\u015aCI"},"content":{"rendered":"<p style=\"text-align: center\"><img loading=\"lazy\" decoding=\"async\" class=\" wp-image-3885 alignright\" src=\"https:\/\/przedszkole62.edu.wroclaw.pl\/wp-content\/uploads\/sites\/26\/2024\/11\/p_41561_1-300x199.jpg\" alt=\"\" width=\"438\" height=\"291\" srcset=\"https:\/\/przedszkole62.edu.wroclaw.pl\/wp-content\/uploads\/sites\/26\/2024\/11\/p_41561_1-300x199.jpg 300w, https:\/\/przedszkole62.edu.wroclaw.pl\/wp-content\/uploads\/sites\/26\/2024\/11\/p_41561_1-1024x678.jpg 1024w, https:\/\/przedszkole62.edu.wroclaw.pl\/wp-content\/uploads\/sites\/26\/2024\/11\/p_41561_1-768x508.jpg 768w, https:\/\/przedszkole62.edu.wroclaw.pl\/wp-content\/uploads\/sites\/26\/2024\/11\/p_41561_1.jpg 1280w\" sizes=\"auto, (max-width: 438px) 100vw, 438px\" \/><strong><span style=\"font-size: 18pt\">Szanowni Pa\u0144stwo, <\/span><\/strong><\/p>\n<p style=\"text-align: center\"><span style=\"font-size: 14pt\">W zwi\u0105zku ze zbli\u017caj\u0105cymi si\u0119 obchodami Narodowego \u015awi\u0119ta Niepodleg\u0142o\u015bci, uprzejmie informujemy, i\u017c 11 listopada 2024 roku jest dniem wolnym od zaj\u0119\u0107 dydaktyczno-wychowawczych, dlatego plac\u00f3wki o\u015bwiatowe b\u0119d\u0105 w tym dniu zamkni\u0119te. Prosimy o odpowiednio wczesne zadbanie o organizacj\u0119 opieki dla swoich dzieci, zapewniaj\u0105c im bezpieczne warunki w tym wyj\u0105tkowym dniu.<\/span><\/p>\n<p style=\"text-align: center\"><span style=\"font-size: 14pt\">Dodatkowo chcieliby\u015bmy przekaza\u0107 Pa\u0144stwu informacje o wydarzeniach planowanych we Wroc\u0142awiu na dzie\u0144 11 listopada. Szczeg\u00f3\u0142owe informacje na ten temat dost\u0119pne s\u0105 pod poni\u017cszym linkiem: https:\/\/www.wroclaw.pl\/dla-mieszkanca\/dzien-niepodleglosci-11-listopada-2024-wydarzenia-we-wroclawiu<\/span><\/p>\n","protected":false},"excerpt":{"rendered":"<p>Szanowni Pa\u0144stwo, W zwi\u0105zku ze zbli\u017caj\u0105cymi si\u0119 obchodami Narodowego \u015awi\u0119ta Niepodleg\u0142o\u015bci, uprzejmie informujemy, i\u017c 11 listopada 2024 roku jest dniem wolnym od zaj\u0119\u0107 dydaktyczno-wychowawczych, dlatego plac\u00f3wki o\u015bwiatowe b\u0119d\u0105 w tym [&hellip;]<\/p>\n","protected":false},"author":406,"featured_media":3886,"comment_status":"closed","ping_status":"closed","sticky":false,"template":"","format":"standard","meta":{"ngg_post_thumbnail":0,"footnotes":""},"categories":[3],"tags":[],"class_list":["post-3887","post","type-post","status-publish","format-standard","has-post-thumbnail","hentry","category-aktualnosci_archiwum-2024-2025","clearfix"],"_links":{"self":[{"href":"https:\/\/przedszkole62.edu.wroclaw.pl\/index.php\/wp-json\/wp\/v2\/posts\/3887","targetHints":{"allow":["GET"]}}],"collection":[{"href":"https:\/\/przedszkole62.edu.wroclaw.pl\/index.php\/wp-json\/wp\/v2\/posts"}],"about":[{"href":"https:\/\/przedszkole62.edu.wroclaw.pl\/index.php\/wp-json\/wp\/v2\/types\/post"}],"author":[{"embeddable":true,"href":"https:\/\/przedszkole62.edu.wroclaw.pl\/index.php\/wp-json\/wp\/v2\/users\/406"}],"replies":[{"embeddable":true,"href":"https:\/\/przedszkole62.edu.wroclaw.pl\/index.php\/wp-json\/wp\/v2\/comments?post=3887"}],"version-history":[{"count":2,"href":"https:\/\/przedszkole62.edu.wroclaw.pl\/index.php\/wp-json\/wp\/v2\/posts\/3887\/revisions"}],"predecessor-version":[{"id":3889,"href":"https:\/\/przedszkole62.edu.wroclaw.pl\/index.php\/wp-json\/wp\/v2\/posts\/3887\/revisions\/3889"}],"wp:featuredmedia":[{"embeddable":true,"href":"https:\/\/przedszkole62.edu.wroclaw.pl\/index.php\/wp-json\/wp\/v2\/media\/3886"}],"wp:attachment":[{"href":"https:\/\/przedszkole62.edu.wroclaw.pl\/index.php\/wp-json\/wp\/v2\/media?parent=3887"}],"wp:term":[{"taxonomy":"category","embeddable":true,"href":"https:\/\/przedszkole62.edu.wroclaw.pl\/index.php\/wp-json\/wp\/v2\/categories?post=3887"},{"taxonomy":"post_tag","embeddable":true,"href":"https:\/\/przedszkole62.edu.wroclaw.pl\/index.php\/wp-json\/wp\/v2\/tags?post=3887"}],"curies":[{"name":"wp","href":"https:\/\/api.w.org\/{rel}","templated":true}]}}