
{"id":3930,"date":"2024-11-13T07:01:13","date_gmt":"2024-11-13T06:01:13","guid":{"rendered":"https:\/\/przedszkole62.edu.wroclaw.pl\/?p=3930"},"modified":"2024-11-13T07:01:46","modified_gmt":"2024-11-13T06:01:46","slug":"rodzinna-wystawa-plastyczna-pt-kolorowa-jesien","status":"publish","type":"post","link":"https:\/\/przedszkole62.edu.wroclaw.pl\/index.php\/2024\/11\/13\/rodzinna-wystawa-plastyczna-pt-kolorowa-jesien\/","title":{"rendered":"RODZINNA WYSTAWA PLASTYCZNA PT. &#8222;KOLOROWA JESIE\u0143&#8221;"},"content":{"rendered":"<p style=\"text-align: center\"><span style=\"font-size: 14pt\">Kochane Dzieci, Kochani Rodzice zapraszamy\u00a0do udzia\u0142u\u00a0<\/span><\/p>\n<p style=\"text-align: center\"><span style=\"font-size: 14pt\">w Rodzinnej Wystawie Plastycznej pt. &#8222;Kolorowa Jesie\u0144&#8221; &#x2764;&#xfe0f;<\/span><\/p>\n<p style=\"text-align: center\"><span style=\"font-size: 14pt\">Szczeg\u00f3\u0142y na plakacie w holu przedszkola!<\/span><\/p>\n<p><img loading=\"lazy\" decoding=\"async\" class=\" wp-image-3929 aligncenter\" src=\"https:\/\/przedszkole62.edu.wroclaw.pl\/wp-content\/uploads\/sites\/26\/2024\/11\/thumbnail_processed-C64DBABD-70EB-4F78-BAB2-D5E4A8FCB295-225x300.jpg\" alt=\"\" width=\"450\" height=\"600\" srcset=\"https:\/\/przedszkole62.edu.wroclaw.pl\/wp-content\/uploads\/sites\/26\/2024\/11\/thumbnail_processed-C64DBABD-70EB-4F78-BAB2-D5E4A8FCB295-225x300.jpg 225w, https:\/\/przedszkole62.edu.wroclaw.pl\/wp-content\/uploads\/sites\/26\/2024\/11\/thumbnail_processed-C64DBABD-70EB-4F78-BAB2-D5E4A8FCB295.jpg 481w\" sizes=\"auto, (max-width: 450px) 100vw, 450px\" \/><\/p>\n","protected":false},"excerpt":{"rendered":"<p>Kochane Dzieci, Kochani Rodzice zapraszamy\u00a0do udzia\u0142u\u00a0 w Rodzinnej Wystawie Plastycznej pt. &#8222;Kolorowa Jesie\u0144&#8221; &#x2764;&#xfe0f; Szczeg\u00f3\u0142y na plakacie w holu przedszkola!<\/p>\n","protected":false},"author":406,"featured_media":0,"comment_status":"closed","ping_status":"closed","sticky":false,"template":"","format":"standard","meta":{"ngg_post_thumbnail":0,"footnotes":""},"categories":[3],"tags":[],"class_list":["post-3930","post","type-post","status-publish","format-standard","hentry","category-aktualnosci_archiwum-2024-2025","clearfix"],"_links":{"self":[{"href":"https:\/\/przedszkole62.edu.wroclaw.pl\/index.php\/wp-json\/wp\/v2\/posts\/3930","targetHints":{"allow":["GET"]}}],"collection":[{"href":"https:\/\/przedszkole62.edu.wroclaw.pl\/index.php\/wp-json\/wp\/v2\/posts"}],"about":[{"href":"https:\/\/przedszkole62.edu.wroclaw.pl\/index.php\/wp-json\/wp\/v2\/types\/post"}],"author":[{"embeddable":true,"href":"https:\/\/przedszkole62.edu.wroclaw.pl\/index.php\/wp-json\/wp\/v2\/users\/406"}],"replies":[{"embeddable":true,"href":"https:\/\/przedszkole62.edu.wroclaw.pl\/index.php\/wp-json\/wp\/v2\/comments?post=3930"}],"version-history":[{"count":1,"href":"https:\/\/przedszkole62.edu.wroclaw.pl\/index.php\/wp-json\/wp\/v2\/posts\/3930\/revisions"}],"predecessor-version":[{"id":3931,"href":"https:\/\/przedszkole62.edu.wroclaw.pl\/index.php\/wp-json\/wp\/v2\/posts\/3930\/revisions\/3931"}],"wp:attachment":[{"href":"https:\/\/przedszkole62.edu.wroclaw.pl\/index.php\/wp-json\/wp\/v2\/media?parent=3930"}],"wp:term":[{"taxonomy":"category","embeddable":true,"href":"https:\/\/przedszkole62.edu.wroclaw.pl\/index.php\/wp-json\/wp\/v2\/categories?post=3930"},{"taxonomy":"post_tag","embeddable":true,"href":"https:\/\/przedszkole62.edu.wroclaw.pl\/index.php\/wp-json\/wp\/v2\/tags?post=3930"}],"curies":[{"name":"wp","href":"https:\/\/api.w.org\/{rel}","templated":true}]}}