
{"id":4053,"date":"2024-12-11T10:20:18","date_gmt":"2024-12-11T09:20:18","guid":{"rendered":"https:\/\/przedszkole62.edu.wroclaw.pl\/?p=4053"},"modified":"2024-12-11T10:23:33","modified_gmt":"2024-12-11T09:23:33","slug":"podziekowanie","status":"publish","type":"post","link":"https:\/\/przedszkole62.edu.wroclaw.pl\/index.php\/2024\/12\/11\/podziekowanie\/","title":{"rendered":"Podzi\u0119kowanie"},"content":{"rendered":"<p style=\"text-align: center\"><strong><span style=\"color: black;font-size: 18pt\" data-olk-copy-source=\"MessageBody\">Szanowni Pa\u0144stwo!<\/span><\/strong><\/p>\n<div style=\"text-align: center\"><span style=\"color: black;font-size: 18pt\">\u00a0<\/span><\/div>\n<div style=\"text-align: center\"><span style=\"color: black;font-size: 18pt\">Fundacja Mam Marzenie w imieniu ma\u0142ych pacjent\u00f3w pragnie serdecznie podzi\u0119kowa\u0107 za udzia\u0142 w 11. edycji akcji Dzie\u0144 Pluszowego Misia.\u00a0<\/span><\/div>\n<div>\n<div style=\"text-align: center\">\n<div><span style=\"color: black;font-size: 18pt\" data-olk-copy-source=\"MessageBody\">Dzi\u0119kujemy za Pa\u0144stwa zaanga\u017cowanie i wielkie serca! Zapraszamy serdecznie do ponownego udzia\u0142u w akcji za rok.<\/span><\/div>\n<\/div>\n<div style=\"text-align: center\"><span style=\"color: black;font-size: 18pt\">\u00a0<\/span><\/div>\n<div>\n<div dir=\"ltr\" data-smartmail=\"gmail_signature\">\n<div dir=\"ltr\">\n<div style=\"text-align: center\"><span style=\"font-size: 18pt;color: #ff0000\">Z marzycielskimi pozdrowieniami<\/span><\/div>\n<div><img loading=\"lazy\" decoding=\"async\" class=\" wp-image-4055 aligncenter\" src=\"https:\/\/przedszkole62.edu.wroclaw.pl\/wp-content\/uploads\/sites\/26\/2024\/12\/dyplom-podziekowanie-212x300.png\" alt=\"\" width=\"419\" height=\"593\" srcset=\"https:\/\/przedszkole62.edu.wroclaw.pl\/wp-content\/uploads\/sites\/26\/2024\/12\/dyplom-podziekowanie-212x300.png 212w, https:\/\/przedszkole62.edu.wroclaw.pl\/wp-content\/uploads\/sites\/26\/2024\/12\/dyplom-podziekowanie.png 584w\" sizes=\"auto, (max-width: 419px) 100vw, 419px\" \/><\/div>\n<\/div>\n<\/div>\n<\/div>\n<\/div>\n","protected":false},"excerpt":{"rendered":"<p>Szanowni Pa\u0144stwo! \u00a0 Fundacja Mam Marzenie w imieniu ma\u0142ych pacjent\u00f3w pragnie serdecznie podzi\u0119kowa\u0107 za udzia\u0142 w 11. edycji akcji Dzie\u0144 Pluszowego Misia.\u00a0 Dzi\u0119kujemy za Pa\u0144stwa zaanga\u017cowanie i wielkie serca! Zapraszamy [&hellip;]<\/p>\n","protected":false},"author":406,"featured_media":0,"comment_status":"closed","ping_status":"closed","sticky":false,"template":"","format":"standard","meta":{"ngg_post_thumbnail":0,"footnotes":""},"categories":[3],"tags":[],"class_list":["post-4053","post","type-post","status-publish","format-standard","hentry","category-aktualnosci_archiwum-2024-2025","clearfix"],"_links":{"self":[{"href":"https:\/\/przedszkole62.edu.wroclaw.pl\/index.php\/wp-json\/wp\/v2\/posts\/4053","targetHints":{"allow":["GET"]}}],"collection":[{"href":"https:\/\/przedszkole62.edu.wroclaw.pl\/index.php\/wp-json\/wp\/v2\/posts"}],"about":[{"href":"https:\/\/przedszkole62.edu.wroclaw.pl\/index.php\/wp-json\/wp\/v2\/types\/post"}],"author":[{"embeddable":true,"href":"https:\/\/przedszkole62.edu.wroclaw.pl\/index.php\/wp-json\/wp\/v2\/users\/406"}],"replies":[{"embeddable":true,"href":"https:\/\/przedszkole62.edu.wroclaw.pl\/index.php\/wp-json\/wp\/v2\/comments?post=4053"}],"version-history":[{"count":2,"href":"https:\/\/przedszkole62.edu.wroclaw.pl\/index.php\/wp-json\/wp\/v2\/posts\/4053\/revisions"}],"predecessor-version":[{"id":4056,"href":"https:\/\/przedszkole62.edu.wroclaw.pl\/index.php\/wp-json\/wp\/v2\/posts\/4053\/revisions\/4056"}],"wp:attachment":[{"href":"https:\/\/przedszkole62.edu.wroclaw.pl\/index.php\/wp-json\/wp\/v2\/media?parent=4053"}],"wp:term":[{"taxonomy":"category","embeddable":true,"href":"https:\/\/przedszkole62.edu.wroclaw.pl\/index.php\/wp-json\/wp\/v2\/categories?post=4053"},{"taxonomy":"post_tag","embeddable":true,"href":"https:\/\/przedszkole62.edu.wroclaw.pl\/index.php\/wp-json\/wp\/v2\/tags?post=4053"}],"curies":[{"name":"wp","href":"https:\/\/api.w.org\/{rel}","templated":true}]}}