
{"id":4098,"date":"2024-12-13T11:55:23","date_gmt":"2024-12-13T10:55:23","guid":{"rendered":"https:\/\/przedszkole62.edu.wroclaw.pl\/?p=4098"},"modified":"2024-12-13T11:56:13","modified_gmt":"2024-12-13T10:56:13","slug":"aniolkowe-granie","status":"publish","type":"post","link":"https:\/\/przedszkole62.edu.wroclaw.pl\/index.php\/2024\/12\/13\/aniolkowe-granie\/","title":{"rendered":"Anio\u0142kowe Granie"},"content":{"rendered":"<h1 style=\"text-align: center\"><span style=\"font-size: 36pt;font-family: 'comic sans ms', sans-serif;color: #3366ff\"><a style=\"color: #3366ff\" href=\"https:\/\/aniolkowegranie.pl\/\">Anio\u0142kowe Granie<\/a><\/span><span style=\"font-size: 36pt;font-family: 'comic sans ms', sans-serif\"><a href=\"https:\/\/aniolkowegranie.pl\/\"><img loading=\"lazy\" decoding=\"async\" class=\"alignnone wp-image-4096\" src=\"https:\/\/przedszkole62.edu.wroclaw.pl\/wp-content\/uploads\/sites\/26\/2024\/12\/aniol.png\" alt=\"\" width=\"171\" height=\"153\" \/><\/a><\/span><\/h1>\n<p style=\"text-align: center\"><span style=\"font-size: 24pt;font-family: 'comic sans ms', sans-serif\"><strong>Drodzy rodzice, nauczyciele, wsp\u00f3\u0142pracownicy,<br \/>\nprzyjaciele, osoby o dobrych sercach\u2026<\/strong><\/span><\/p>\n<p style=\"text-align: center\"><span style=\"font-size: 24pt;font-family: 'comic sans ms', sans-serif\">W tym roku po raz drugi nasza plac\u00f3wka przyst\u0105pi\u0142a do Og\u00f3lnopolskiego Projektu Edukacyjnego wspieraj\u0105cego ide\u0119 rodzicielstwa zast\u0119pczego.<\/span><\/p>\n<p style=\"text-align: center\"><span style=\"font-size: 24pt;font-family: 'comic sans ms', sans-serif\"><strong>Celem\u00a0 Projektu<\/strong> jest propagowanie idei rodzicielstwa zast\u0119pczego w\u015br\u00f3d dzieci, m\u0142odzie\u017cy, rodzic\u00f3w i plac\u00f3wek edukacyjnych, a za\u0142o\u017ceniem od samego pocz\u0105tku by\u0142a integracja \u015brodowisk przedszkoli, szk\u00f3\u0142 i plac\u00f3wek opieku\u0144czych.<\/span><\/p>\n<p style=\"text-align: center\"><span style=\"font-size: 24pt;font-family: 'comic sans ms', sans-serif\">\u00a0\u00a0\u00a0\u00a0 W tym roku szkolnym nasze przedszkole wspieramy dzieci:<\/span><br \/>\n<span style=\"font-size: 24pt;font-family: 'comic sans ms', sans-serif\"><strong>KORNELIA\u00a0 4-lata<\/strong><strong><br \/>\n<\/strong>zainteresowania \u2013 marzenia: wszystko co jest zwi\u0105zane z lataj\u0105cymi wr\u00f3\u017ckami<strong><br \/>\n<\/strong><strong>KAROL\u00a0 6-lat<\/strong><strong><br \/>\n<\/strong>zainteresowania \u2013 marzenia: auto BMW na pilota, kr\u00f3tkofal\u00f3wka, kredki<\/span><br \/>\n<span style=\"font-size: 24pt;font-family: 'comic sans ms', sans-serif\">Rodzina marzy o wsp\u00f3lnym wyj\u015bciu do Aqua Parku, Hydropolis, ZOO.<\/span><\/p>\n<p style=\"text-align: center\"><span style=\"font-size: 24pt;font-family: 'comic sans ms', sans-serif\">Bardzo prosimy je\u015bli Pa\u0144stwo tylko mo\u017cecie <\/span><br \/>\n<span style=\"font-size: 24pt;font-family: 'comic sans ms', sans-serif\">otw\u00f3rzcie serca na potrzeb\u0119 dzieci, <\/span><br \/>\n<span style=\"font-size: 24pt;font-family: 'comic sans ms', sans-serif\">kt\u00f3re nie maj\u0105 rodzinnego ciep\u0142a i mi\u0142o\u015bci rodzic\u00f3w.<\/span><br \/>\n<img loading=\"lazy\" decoding=\"async\" class=\"wp-image-4097 aligncenter\" src=\"https:\/\/przedszkole62.edu.wroclaw.pl\/wp-content\/uploads\/sites\/26\/2024\/12\/serce-w-dloni.jpg\" alt=\"\" width=\"168\" height=\"160\" \/><\/p>\n<p style=\"text-align: center\"><span style=\"font-size: 24pt;font-family: 'comic sans ms', sans-serif\">ZBI\u00d3RKA POTRWA DO 15 stycznia 2025r.<\/span><\/p>\n","protected":false},"excerpt":{"rendered":"<p>Anio\u0142kowe Granie Drodzy rodzice, nauczyciele, wsp\u00f3\u0142pracownicy, przyjaciele, osoby o dobrych sercach\u2026 W tym roku po raz drugi nasza plac\u00f3wka przyst\u0105pi\u0142a do Og\u00f3lnopolskiego Projektu Edukacyjnego wspieraj\u0105cego ide\u0119 rodzicielstwa zast\u0119pczego. Celem\u00a0 Projektu [&hellip;]<\/p>\n","protected":false},"author":406,"featured_media":0,"comment_status":"closed","ping_status":"closed","sticky":false,"template":"","format":"standard","meta":{"ngg_post_thumbnail":0,"footnotes":""},"categories":[3],"tags":[],"class_list":["post-4098","post","type-post","status-publish","format-standard","hentry","category-aktualnosci_archiwum-2024-2025","clearfix"],"_links":{"self":[{"href":"https:\/\/przedszkole62.edu.wroclaw.pl\/index.php\/wp-json\/wp\/v2\/posts\/4098","targetHints":{"allow":["GET"]}}],"collection":[{"href":"https:\/\/przedszkole62.edu.wroclaw.pl\/index.php\/wp-json\/wp\/v2\/posts"}],"about":[{"href":"https:\/\/przedszkole62.edu.wroclaw.pl\/index.php\/wp-json\/wp\/v2\/types\/post"}],"author":[{"embeddable":true,"href":"https:\/\/przedszkole62.edu.wroclaw.pl\/index.php\/wp-json\/wp\/v2\/users\/406"}],"replies":[{"embeddable":true,"href":"https:\/\/przedszkole62.edu.wroclaw.pl\/index.php\/wp-json\/wp\/v2\/comments?post=4098"}],"version-history":[{"count":2,"href":"https:\/\/przedszkole62.edu.wroclaw.pl\/index.php\/wp-json\/wp\/v2\/posts\/4098\/revisions"}],"predecessor-version":[{"id":4100,"href":"https:\/\/przedszkole62.edu.wroclaw.pl\/index.php\/wp-json\/wp\/v2\/posts\/4098\/revisions\/4100"}],"wp:attachment":[{"href":"https:\/\/przedszkole62.edu.wroclaw.pl\/index.php\/wp-json\/wp\/v2\/media?parent=4098"}],"wp:term":[{"taxonomy":"category","embeddable":true,"href":"https:\/\/przedszkole62.edu.wroclaw.pl\/index.php\/wp-json\/wp\/v2\/categories?post=4098"},{"taxonomy":"post_tag","embeddable":true,"href":"https:\/\/przedszkole62.edu.wroclaw.pl\/index.php\/wp-json\/wp\/v2\/tags?post=4098"}],"curies":[{"name":"wp","href":"https:\/\/api.w.org\/{rel}","templated":true}]}}