
{"id":4113,"date":"2024-12-16T09:29:36","date_gmt":"2024-12-16T08:29:36","guid":{"rendered":"https:\/\/przedszkole62.edu.wroclaw.pl\/?p=4113"},"modified":"2024-12-16T09:40:41","modified_gmt":"2024-12-16T08:40:41","slug":"kampania-edukacyjna-chronmy-nasze-maluchy-co-musisz-wiedziec-o-wszawicy-owsicy-i-ospie","status":"publish","type":"post","link":"https:\/\/przedszkole62.edu.wroclaw.pl\/index.php\/2024\/12\/16\/kampania-edukacyjna-chronmy-nasze-maluchy-co-musisz-wiedziec-o-wszawicy-owsicy-i-ospie\/","title":{"rendered":"Kampania edukacyjna &#8211; Chro\u0144my nasze maluchy! Co musisz wiedzie\u0107 o wszawicy, owsicy i ospie?"},"content":{"rendered":"<p style=\"text-align: center\"><span style=\"font-size: 18pt\"><span style=\"font-size: 24pt\"><strong>Drodzy Rodzice,<\/strong><\/span><img loading=\"lazy\" decoding=\"async\" class=\" wp-image-4115 alignright\" src=\"https:\/\/przedszkole62.edu.wroclaw.pl\/wp-content\/uploads\/sites\/26\/2024\/12\/owsiki-212x300.png\" alt=\"\" width=\"464\" height=\"657\" srcset=\"https:\/\/przedszkole62.edu.wroclaw.pl\/wp-content\/uploads\/sites\/26\/2024\/12\/owsiki-212x300.png 212w, https:\/\/przedszkole62.edu.wroclaw.pl\/wp-content\/uploads\/sites\/26\/2024\/12\/owsiki.png 629w\" sizes=\"auto, (max-width: 464px) 100vw, 464px\" \/><\/span><\/p>\n<p>&nbsp;<\/p>\n<p style=\"text-align: center\"><span style=\"font-size: 18pt\">Z rado\u015bci\u0105 informujemy o przyst\u0105pieniu naszej Plac\u00f3wki do udzia\u0142u w <strong>Kampanii edukacyjnej<\/strong> maj\u0105cej na celu podniesienie \u015bwiadomo\u015bci dotycz\u0105cej cz\u0119stych<span style=\"text-decoration: underline\"> chor\u00f3b wieku dzieci\u0119cego: owsicy, wszawicy, ospy.<\/span><\/span><\/p>\n<p style=\"text-align: center\"><span style=\"font-size: 18pt\">Wszystkie niezb\u0119dne materia\u0142y na temat korzy\u015bci edukacyjnych znajd\u0105 Pa\u0144stwo w artykule :<\/span><\/p>\n<p style=\"text-align: center\"><strong><span style=\"font-size: 24pt\"><a href=\"https:\/\/przedszkole62.edu.wroclaw.pl\/wp-content\/uploads\/sites\/26\/2024\/12\/Artykul-edukacyjny-owsica-wszawica-ospa.docx\">Artyku\u0142 edukacyjny &#8211; owsica, wszawica, ospa<\/a>\u00a0 oraz na platformie: https:\/\/leki.pl\/.<\/span><\/strong><\/p>\n<p>&nbsp;<\/p>\n","protected":false},"excerpt":{"rendered":"<p>Drodzy Rodzice, &nbsp; Z rado\u015bci\u0105 informujemy o przyst\u0105pieniu naszej Plac\u00f3wki do udzia\u0142u w Kampanii edukacyjnej maj\u0105cej na celu podniesienie \u015bwiadomo\u015bci dotycz\u0105cej cz\u0119stych chor\u00f3b wieku dzieci\u0119cego: owsicy, wszawicy, ospy. Wszystkie niezb\u0119dne [&hellip;]<\/p>\n","protected":false},"author":406,"featured_media":0,"comment_status":"closed","ping_status":"closed","sticky":false,"template":"","format":"standard","meta":{"ngg_post_thumbnail":0,"footnotes":""},"categories":[3],"tags":[],"class_list":["post-4113","post","type-post","status-publish","format-standard","hentry","category-aktualnosci_archiwum-2024-2025","clearfix"],"_links":{"self":[{"href":"https:\/\/przedszkole62.edu.wroclaw.pl\/index.php\/wp-json\/wp\/v2\/posts\/4113","targetHints":{"allow":["GET"]}}],"collection":[{"href":"https:\/\/przedszkole62.edu.wroclaw.pl\/index.php\/wp-json\/wp\/v2\/posts"}],"about":[{"href":"https:\/\/przedszkole62.edu.wroclaw.pl\/index.php\/wp-json\/wp\/v2\/types\/post"}],"author":[{"embeddable":true,"href":"https:\/\/przedszkole62.edu.wroclaw.pl\/index.php\/wp-json\/wp\/v2\/users\/406"}],"replies":[{"embeddable":true,"href":"https:\/\/przedszkole62.edu.wroclaw.pl\/index.php\/wp-json\/wp\/v2\/comments?post=4113"}],"version-history":[{"count":5,"href":"https:\/\/przedszkole62.edu.wroclaw.pl\/index.php\/wp-json\/wp\/v2\/posts\/4113\/revisions"}],"predecessor-version":[{"id":4119,"href":"https:\/\/przedszkole62.edu.wroclaw.pl\/index.php\/wp-json\/wp\/v2\/posts\/4113\/revisions\/4119"}],"wp:attachment":[{"href":"https:\/\/przedszkole62.edu.wroclaw.pl\/index.php\/wp-json\/wp\/v2\/media?parent=4113"}],"wp:term":[{"taxonomy":"category","embeddable":true,"href":"https:\/\/przedszkole62.edu.wroclaw.pl\/index.php\/wp-json\/wp\/v2\/categories?post=4113"},{"taxonomy":"post_tag","embeddable":true,"href":"https:\/\/przedszkole62.edu.wroclaw.pl\/index.php\/wp-json\/wp\/v2\/tags?post=4113"}],"curies":[{"name":"wp","href":"https:\/\/api.w.org\/{rel}","templated":true}]}}