
{"id":4183,"date":"2025-01-10T08:57:06","date_gmt":"2025-01-10T07:57:06","guid":{"rendered":"https:\/\/przedszkole62.edu.wroclaw.pl\/?p=4183"},"modified":"2025-01-10T08:58:01","modified_gmt":"2025-01-10T07:58:01","slug":"projekt-edukacyjny-kulinaria-dzieciece","status":"publish","type":"post","link":"https:\/\/przedszkole62.edu.wroclaw.pl\/index.php\/2025\/01\/10\/projekt-edukacyjny-kulinaria-dzieciece\/","title":{"rendered":"Projekt edukacyjny Kulinaria dzieci\u0119ce"},"content":{"rendered":"<p style=\"text-align: center\"><span style=\"font-size: 14pt\">Drodzy Rodzice, Kochane Dzieci!<\/span><\/p>\n<p style=\"text-align: center\"><span style=\"font-size: 14pt\">Mi\u0142o nam poinformowa\u0107, i\u017c od stycznia 2025 roku Nasze Przedszkole<\/span><\/p>\n<p style=\"text-align: center\"><span style=\"text-decoration: underline\"><span style=\"font-size: 14pt\">przyst\u0105pi\u0142o do udzia\u0142u w projekcie edukacyjnym<\/span><\/span><\/p>\n<p style=\"text-align: center\"><strong><span style=\"font-size: 14pt;color: #ff0000\">\u201eKulinaria dzieci\u0119ce\u201d.<\/span><\/strong><\/p>\n<p style=\"text-align: center\"><span style=\"font-size: 14pt\">Celem projektu jest rozwijanie zainteresowa\u0144 kulinarnych u dzieci.<\/span><\/p>\n<p style=\"text-align: center\"><span style=\"font-size: 14pt\">Dzieci b\u0119d\u0105 aktywnie uczestniczy\u0107 w projekcie poprzez przygotowywanie<\/span><\/p>\n<p style=\"text-align: center\"><span style=\"font-size: 14pt\">posi\u0142k\u00f3w podczas zaj\u0119\u0107 w grupach wg Kalendarza \u015awi\u0105t Nietypowych<\/span><\/p>\n<p style=\"text-align: center\"><span style=\"font-size: 14pt\">(np. Dzie\u0144 Popcornu, Dzie\u0144 Nale\u015bnika itp.).<\/span><\/p>\n<p style=\"text-align: center\"><span style=\"text-decoration: underline\"><span style=\"font-size: 14pt\">Nasz\u0105 kulinarn\u0105 przygod\u0119 rozpoczynamy ju\u017c <span style=\"color: #ff0000;text-decoration: underline\">20 stycznia<\/span> od <span style=\"color: #ff0000;text-decoration: underline\">Dnia Popcornu<\/span>!!!<\/span><\/span><\/p>\n<p style=\"text-align: center\"><span style=\"font-size: 14pt\">Serdecznie zapraszamy i \u017cyczymy wielu kulinarnych do\u015bwiadcze\u0144\u00a0<\/span><\/p>\n<p><img loading=\"lazy\" decoding=\"async\" class=\" wp-image-4182 aligncenter\" src=\"https:\/\/przedszkole62.edu.wroclaw.pl\/wp-content\/uploads\/sites\/26\/2025\/01\/dzieciece-kulinaria-300x182.png\" alt=\"\" width=\"539\" height=\"327\" \/><\/p>\n","protected":false},"excerpt":{"rendered":"<p>Drodzy Rodzice, Kochane Dzieci! Mi\u0142o nam poinformowa\u0107, i\u017c od stycznia 2025 roku Nasze Przedszkole przyst\u0105pi\u0142o do udzia\u0142u w projekcie edukacyjnym \u201eKulinaria dzieci\u0119ce\u201d. Celem projektu jest rozwijanie zainteresowa\u0144 kulinarnych u dzieci. [&hellip;]<\/p>\n","protected":false},"author":406,"featured_media":0,"comment_status":"closed","ping_status":"closed","sticky":false,"template":"","format":"standard","meta":{"ngg_post_thumbnail":0,"footnotes":""},"categories":[3],"tags":[],"class_list":["post-4183","post","type-post","status-publish","format-standard","hentry","category-aktualnosci_archiwum-2024-2025","clearfix"],"_links":{"self":[{"href":"https:\/\/przedszkole62.edu.wroclaw.pl\/index.php\/wp-json\/wp\/v2\/posts\/4183","targetHints":{"allow":["GET"]}}],"collection":[{"href":"https:\/\/przedszkole62.edu.wroclaw.pl\/index.php\/wp-json\/wp\/v2\/posts"}],"about":[{"href":"https:\/\/przedszkole62.edu.wroclaw.pl\/index.php\/wp-json\/wp\/v2\/types\/post"}],"author":[{"embeddable":true,"href":"https:\/\/przedszkole62.edu.wroclaw.pl\/index.php\/wp-json\/wp\/v2\/users\/406"}],"replies":[{"embeddable":true,"href":"https:\/\/przedszkole62.edu.wroclaw.pl\/index.php\/wp-json\/wp\/v2\/comments?post=4183"}],"version-history":[{"count":2,"href":"https:\/\/przedszkole62.edu.wroclaw.pl\/index.php\/wp-json\/wp\/v2\/posts\/4183\/revisions"}],"predecessor-version":[{"id":4185,"href":"https:\/\/przedszkole62.edu.wroclaw.pl\/index.php\/wp-json\/wp\/v2\/posts\/4183\/revisions\/4185"}],"wp:attachment":[{"href":"https:\/\/przedszkole62.edu.wroclaw.pl\/index.php\/wp-json\/wp\/v2\/media?parent=4183"}],"wp:term":[{"taxonomy":"category","embeddable":true,"href":"https:\/\/przedszkole62.edu.wroclaw.pl\/index.php\/wp-json\/wp\/v2\/categories?post=4183"},{"taxonomy":"post_tag","embeddable":true,"href":"https:\/\/przedszkole62.edu.wroclaw.pl\/index.php\/wp-json\/wp\/v2\/tags?post=4183"}],"curies":[{"name":"wp","href":"https:\/\/api.w.org\/{rel}","templated":true}]}}