
{"id":4253,"date":"2025-01-31T09:25:01","date_gmt":"2025-01-31T08:25:01","guid":{"rendered":"https:\/\/przedszkole62.edu.wroclaw.pl\/?p=4253"},"modified":"2025-01-31T09:25:40","modified_gmt":"2025-01-31T08:25:40","slug":"rekrutacja-2025-przedszkola-i-oddzialy-przedszkole-zasady-i-materialy","status":"publish","type":"post","link":"https:\/\/przedszkole62.edu.wroclaw.pl\/index.php\/2025\/01\/31\/rekrutacja-2025-przedszkola-i-oddzialy-przedszkole-zasady-i-materialy\/","title":{"rendered":"REKRUTACJA 2025 &#8211; PRZEDSZKOLA I ODDZIA\u0141Y PRZEDSZKOLE &#8211; ZASADY I MATERIA\u0141Y"},"content":{"rendered":"<p>Szanowni Pa\u0144stwo,<br \/>\nw zwi\u0105zku z planowan\u0105 rekrutacj\u0105 do przedszkoli i oddzia\u0142\u00f3w przedszkolnych przesy\u0142am Pa\u0144stwu materia\u0142y dotycz\u0105ce tegorocznej rekrutacji:<br \/>\n&#8211; zasady naboru w obszarach,<br \/>\n&#8211; obowi\u0105zuj\u0105c\u0105 uchwa\u0142\u0119 ws kryteri\u00f3w,<br \/>\n&#8211; zarz\u0105dzenie dotycz\u0105ce termin naboru do przedszkoli.<\/p>\n<p><a href=\"https:\/\/przedszkole62.edu.wroclaw.pl\/wp-content\/uploads\/sites\/26\/2025\/01\/01-HARMONOGRAM-DLA-RODZICOW-I-ETAP.docx\">01- HARMONOGRAM DLA RODZIC\u00d3W &#8211; I ETAP<\/a><\/p>\n<p><a href=\"https:\/\/przedszkole62.edu.wroclaw.pl\/wp-content\/uploads\/sites\/26\/2025\/01\/02-HARMONOGRAM-DLA-RODZICOW-II-ETAP.docx\">02- HARMONOGRAM DLA RODZIC\u00d3W &#8211; II ETAP<\/a><\/p>\n<p><a href=\"https:\/\/przedszkole62.edu.wroclaw.pl\/wp-content\/uploads\/sites\/26\/2025\/01\/03-INFORMACJE-OGOLNE.docx\">03 &#8211; INFORMACJE OG\u00d3LNE<\/a><\/p>\n<p><a href=\"https:\/\/przedszkole62.edu.wroclaw.pl\/wp-content\/uploads\/sites\/26\/2025\/01\/04-KONTYNUACJE.docx\">04 &#8211; KONTYNUACJE<\/a><\/p>\n<p><a href=\"https:\/\/przedszkole62.edu.wroclaw.pl\/wp-content\/uploads\/sites\/26\/2025\/01\/05-KRYTERIA.docx\">05 &#8211; KRYTERIA<\/a><\/p>\n<p><a href=\"https:\/\/przedszkole62.edu.wroclaw.pl\/wp-content\/uploads\/sites\/26\/2025\/01\/06-PODSTAWA-PRAWNA.docx\">06 &#8211; PODSTAWA PRAWNA<\/a><\/p>\n<p><a href=\"https:\/\/przedszkole62.edu.wroclaw.pl\/wp-content\/uploads\/sites\/26\/2025\/01\/07-UDZIAL-W-REKRUTACJI.docx\">07 &#8211; UDZIA\u0141 W REKRUTACJI<\/a><\/p>\n<p><a href=\"https:\/\/przedszkole62.edu.wroclaw.pl\/wp-content\/uploads\/sites\/26\/2025\/01\/08-DZIECI-O-SPECJALNYCH-POTRZEBACH-EDUKACYJNYCH.docx\">08 &#8211; DZIECI O SPECJALNYCH POTRZEBACH EDUKACYJNYCH<\/a><\/p>\n<p><a href=\"https:\/\/przedszkole62.edu.wroclaw.pl\/wp-content\/uploads\/sites\/26\/2025\/01\/09-ZARZADZENIE-PREZYDENTA-TERMINY-REKRUTACJI.pdf\">09 &#8211; ZARZ\u0104DZENIE PREZYDENTA &#8211; TERMINY REKRUTACJI<\/a><\/p>\n<p><a href=\"https:\/\/przedszkole62.edu.wroclaw.pl\/wp-content\/uploads\/sites\/26\/2025\/01\/10-UCHWALA-WS-KRYTERIOW.pdf\">10 &#8211; UCHWA\u0141A WS KRYTERI\u00d3W<\/a><\/p>\n","protected":false},"excerpt":{"rendered":"<p>Szanowni Pa\u0144stwo, w zwi\u0105zku z planowan\u0105 rekrutacj\u0105 do przedszkoli i oddzia\u0142\u00f3w przedszkolnych przesy\u0142am Pa\u0144stwu materia\u0142y dotycz\u0105ce tegorocznej rekrutacji: &#8211; zasady naboru w obszarach, &#8211; obowi\u0105zuj\u0105c\u0105 uchwa\u0142\u0119 ws kryteri\u00f3w, &#8211; zarz\u0105dzenie [&hellip;]<\/p>\n","protected":false},"author":406,"featured_media":0,"comment_status":"closed","ping_status":"closed","sticky":false,"template":"","format":"standard","meta":{"ngg_post_thumbnail":0,"footnotes":""},"categories":[3],"tags":[],"class_list":["post-4253","post","type-post","status-publish","format-standard","hentry","category-aktualnosci_archiwum-2024-2025","clearfix"],"_links":{"self":[{"href":"https:\/\/przedszkole62.edu.wroclaw.pl\/index.php\/wp-json\/wp\/v2\/posts\/4253","targetHints":{"allow":["GET"]}}],"collection":[{"href":"https:\/\/przedszkole62.edu.wroclaw.pl\/index.php\/wp-json\/wp\/v2\/posts"}],"about":[{"href":"https:\/\/przedszkole62.edu.wroclaw.pl\/index.php\/wp-json\/wp\/v2\/types\/post"}],"author":[{"embeddable":true,"href":"https:\/\/przedszkole62.edu.wroclaw.pl\/index.php\/wp-json\/wp\/v2\/users\/406"}],"replies":[{"embeddable":true,"href":"https:\/\/przedszkole62.edu.wroclaw.pl\/index.php\/wp-json\/wp\/v2\/comments?post=4253"}],"version-history":[{"count":1,"href":"https:\/\/przedszkole62.edu.wroclaw.pl\/index.php\/wp-json\/wp\/v2\/posts\/4253\/revisions"}],"predecessor-version":[{"id":4254,"href":"https:\/\/przedszkole62.edu.wroclaw.pl\/index.php\/wp-json\/wp\/v2\/posts\/4253\/revisions\/4254"}],"wp:attachment":[{"href":"https:\/\/przedszkole62.edu.wroclaw.pl\/index.php\/wp-json\/wp\/v2\/media?parent=4253"}],"wp:term":[{"taxonomy":"category","embeddable":true,"href":"https:\/\/przedszkole62.edu.wroclaw.pl\/index.php\/wp-json\/wp\/v2\/categories?post=4253"},{"taxonomy":"post_tag","embeddable":true,"href":"https:\/\/przedszkole62.edu.wroclaw.pl\/index.php\/wp-json\/wp\/v2\/tags?post=4253"}],"curies":[{"name":"wp","href":"https:\/\/api.w.org\/{rel}","templated":true}]}}