
{"id":4401,"date":"2025-03-11T18:35:51","date_gmt":"2025-03-11T17:35:51","guid":{"rendered":"https:\/\/przedszkole62.edu.wroclaw.pl\/?p=4401"},"modified":"2025-03-11T18:39:23","modified_gmt":"2025-03-11T17:39:23","slug":"podziekowanie-za-zbiorke-dla-schroniska","status":"publish","type":"post","link":"https:\/\/przedszkole62.edu.wroclaw.pl\/index.php\/2025\/03\/11\/podziekowanie-za-zbiorke-dla-schroniska\/","title":{"rendered":"Podzi\u0119kowanie za zbi\u00f3rk\u0119 dla schroniska"},"content":{"rendered":"<p><img loading=\"lazy\" decoding=\"async\" class=\"alignnone size-medium wp-image-4402\" src=\"https:\/\/przedszkole62.edu.wroclaw.pl\/wp-content\/uploads\/sites\/26\/2025\/03\/thumbnail_IMG_20250303_140901471-226x300.jpg\" alt=\"\" width=\"226\" height=\"300\" \/><img loading=\"lazy\" decoding=\"async\" class=\"alignnone size-medium wp-image-4403\" src=\"https:\/\/przedszkole62.edu.wroclaw.pl\/wp-content\/uploads\/sites\/26\/2025\/03\/thumbnail_IMG_20250305_122957581-300x226.jpg\" alt=\"\" width=\"300\" height=\"226\" \/><\/p>\n<p><span data-olk-copy-source=\"MessageBody\">Serdecznie Dzi\u0119kujemy za zaanga\u017cowanie w zbi\u00f3rk\u0119 dla wroc\u0142awskiego schroniska, wszystkie dary zosta\u0142y przekazane.<\/span><\/p>\n","protected":false},"excerpt":{"rendered":"<p>Serdecznie Dzi\u0119kujemy za zaanga\u017cowanie w zbi\u00f3rk\u0119 dla wroc\u0142awskiego schroniska, wszystkie dary zosta\u0142y przekazane.<\/p>\n","protected":false},"author":450,"featured_media":0,"comment_status":"closed","ping_status":"closed","sticky":false,"template":"","format":"standard","meta":{"ngg_post_thumbnail":0,"footnotes":""},"categories":[3],"tags":[],"class_list":["post-4401","post","type-post","status-publish","format-standard","hentry","category-aktualnosci_archiwum-2024-2025","clearfix"],"_links":{"self":[{"href":"https:\/\/przedszkole62.edu.wroclaw.pl\/index.php\/wp-json\/wp\/v2\/posts\/4401","targetHints":{"allow":["GET"]}}],"collection":[{"href":"https:\/\/przedszkole62.edu.wroclaw.pl\/index.php\/wp-json\/wp\/v2\/posts"}],"about":[{"href":"https:\/\/przedszkole62.edu.wroclaw.pl\/index.php\/wp-json\/wp\/v2\/types\/post"}],"author":[{"embeddable":true,"href":"https:\/\/przedszkole62.edu.wroclaw.pl\/index.php\/wp-json\/wp\/v2\/users\/450"}],"replies":[{"embeddable":true,"href":"https:\/\/przedszkole62.edu.wroclaw.pl\/index.php\/wp-json\/wp\/v2\/comments?post=4401"}],"version-history":[{"count":2,"href":"https:\/\/przedszkole62.edu.wroclaw.pl\/index.php\/wp-json\/wp\/v2\/posts\/4401\/revisions"}],"predecessor-version":[{"id":4405,"href":"https:\/\/przedszkole62.edu.wroclaw.pl\/index.php\/wp-json\/wp\/v2\/posts\/4401\/revisions\/4405"}],"wp:attachment":[{"href":"https:\/\/przedszkole62.edu.wroclaw.pl\/index.php\/wp-json\/wp\/v2\/media?parent=4401"}],"wp:term":[{"taxonomy":"category","embeddable":true,"href":"https:\/\/przedszkole62.edu.wroclaw.pl\/index.php\/wp-json\/wp\/v2\/categories?post=4401"},{"taxonomy":"post_tag","embeddable":true,"href":"https:\/\/przedszkole62.edu.wroclaw.pl\/index.php\/wp-json\/wp\/v2\/tags?post=4401"}],"curies":[{"name":"wp","href":"https:\/\/api.w.org\/{rel}","templated":true}]}}