
{"id":4406,"date":"2025-03-11T18:45:04","date_gmt":"2025-03-11T17:45:04","guid":{"rendered":"https:\/\/przedszkole62.edu.wroclaw.pl\/?p=4406"},"modified":"2025-03-11T18:45:14","modified_gmt":"2025-03-11T17:45:14","slug":"podziekowanie-za-udzial-w-wystawie-najpiekniejszy-pejzaz-zimowy","status":"publish","type":"post","link":"https:\/\/przedszkole62.edu.wroclaw.pl\/index.php\/2025\/03\/11\/podziekowanie-za-udzial-w-wystawie-najpiekniejszy-pejzaz-zimowy\/","title":{"rendered":"Podzi\u0119kowanie za udzia\u0142 w wystawie &#8222;NAJPI\u0118KNIEJSZY PEJZA\u017b ZIMOWY&#8221;"},"content":{"rendered":"<p><img loading=\"lazy\" decoding=\"async\" class=\"alignnone size-medium wp-image-4407\" src=\"https:\/\/przedszkole62.edu.wroclaw.pl\/wp-content\/uploads\/sites\/26\/2025\/03\/thumbnail_IMG_20250203_144601002_HDR-226x300.jpg\" alt=\"\" width=\"226\" height=\"300\" \/><img loading=\"lazy\" decoding=\"async\" class=\"alignnone size-medium wp-image-4408\" src=\"https:\/\/przedszkole62.edu.wroclaw.pl\/wp-content\/uploads\/sites\/26\/2025\/03\/thumbnail_IMG_20250203_144555281-300x226.jpg\" alt=\"\" width=\"300\" height=\"226\" \/><\/p>\n<p><span data-olk-copy-source=\"MessageBody\">Dzi\u0119kujemy wszystkim ma\u0142ym i du\u017cym tw\u00f3rcom za wspania\u0142e zimowe pejza\u017ce.<\/span><\/p>\n","protected":false},"excerpt":{"rendered":"<p>Dzi\u0119kujemy wszystkim ma\u0142ym i du\u017cym tw\u00f3rcom za wspania\u0142e zimowe pejza\u017ce.<\/p>\n","protected":false},"author":450,"featured_media":0,"comment_status":"closed","ping_status":"closed","sticky":false,"template":"","format":"standard","meta":{"ngg_post_thumbnail":0,"footnotes":""},"categories":[3],"tags":[],"class_list":["post-4406","post","type-post","status-publish","format-standard","hentry","category-aktualnosci_archiwum-2024-2025","clearfix"],"_links":{"self":[{"href":"https:\/\/przedszkole62.edu.wroclaw.pl\/index.php\/wp-json\/wp\/v2\/posts\/4406","targetHints":{"allow":["GET"]}}],"collection":[{"href":"https:\/\/przedszkole62.edu.wroclaw.pl\/index.php\/wp-json\/wp\/v2\/posts"}],"about":[{"href":"https:\/\/przedszkole62.edu.wroclaw.pl\/index.php\/wp-json\/wp\/v2\/types\/post"}],"author":[{"embeddable":true,"href":"https:\/\/przedszkole62.edu.wroclaw.pl\/index.php\/wp-json\/wp\/v2\/users\/450"}],"replies":[{"embeddable":true,"href":"https:\/\/przedszkole62.edu.wroclaw.pl\/index.php\/wp-json\/wp\/v2\/comments?post=4406"}],"version-history":[{"count":1,"href":"https:\/\/przedszkole62.edu.wroclaw.pl\/index.php\/wp-json\/wp\/v2\/posts\/4406\/revisions"}],"predecessor-version":[{"id":4409,"href":"https:\/\/przedszkole62.edu.wroclaw.pl\/index.php\/wp-json\/wp\/v2\/posts\/4406\/revisions\/4409"}],"wp:attachment":[{"href":"https:\/\/przedszkole62.edu.wroclaw.pl\/index.php\/wp-json\/wp\/v2\/media?parent=4406"}],"wp:term":[{"taxonomy":"category","embeddable":true,"href":"https:\/\/przedszkole62.edu.wroclaw.pl\/index.php\/wp-json\/wp\/v2\/categories?post=4406"},{"taxonomy":"post_tag","embeddable":true,"href":"https:\/\/przedszkole62.edu.wroclaw.pl\/index.php\/wp-json\/wp\/v2\/tags?post=4406"}],"curies":[{"name":"wp","href":"https:\/\/api.w.org\/{rel}","templated":true}]}}