
{"id":4410,"date":"2025-03-11T18:53:11","date_gmt":"2025-03-11T17:53:11","guid":{"rendered":"https:\/\/przedszkole62.edu.wroclaw.pl\/?p=4410"},"modified":"2025-03-11T18:53:19","modified_gmt":"2025-03-11T17:53:19","slug":"21-marca-pierwszy-dzien-wiosny-i-dzien-kolorowej-skarpetki","status":"publish","type":"post","link":"https:\/\/przedszkole62.edu.wroclaw.pl\/index.php\/2025\/03\/11\/21-marca-pierwszy-dzien-wiosny-i-dzien-kolorowej-skarpetki\/","title":{"rendered":"21 marca &#8211; Pierwszy Dzie\u0144 Wiosny i Dzie\u0144 Kolorowej Skarpetki"},"content":{"rendered":"<p><img loading=\"lazy\" decoding=\"async\" class=\"alignnone size-medium wp-image-4411\" src=\"https:\/\/przedszkole62.edu.wroclaw.pl\/wp-content\/uploads\/sites\/26\/2025\/03\/thumbnail_IMG_7516-225x300.jpg\" alt=\"\" width=\"225\" height=\"300\" \/><\/p>\n<p>Drodzy Rodzice zapraszamy do zapoznania si\u0119 z og\u0142oszeniem dotycz\u0105cym obchod\u00f3w Pierwszego Dnia Wiosny w naszym przedszkolu \ud83d\ude42<\/p>\n","protected":false},"excerpt":{"rendered":"<p>Drodzy Rodzice zapraszamy do zapoznania si\u0119 z og\u0142oszeniem dotycz\u0105cym obchod\u00f3w Pierwszego Dnia Wiosny w naszym przedszkolu \ud83d\ude42<\/p>\n","protected":false},"author":450,"featured_media":0,"comment_status":"closed","ping_status":"closed","sticky":false,"template":"","format":"standard","meta":{"ngg_post_thumbnail":0,"footnotes":""},"categories":[3],"tags":[],"class_list":["post-4410","post","type-post","status-publish","format-standard","hentry","category-aktualnosci_archiwum-2024-2025","clearfix"],"_links":{"self":[{"href":"https:\/\/przedszkole62.edu.wroclaw.pl\/index.php\/wp-json\/wp\/v2\/posts\/4410","targetHints":{"allow":["GET"]}}],"collection":[{"href":"https:\/\/przedszkole62.edu.wroclaw.pl\/index.php\/wp-json\/wp\/v2\/posts"}],"about":[{"href":"https:\/\/przedszkole62.edu.wroclaw.pl\/index.php\/wp-json\/wp\/v2\/types\/post"}],"author":[{"embeddable":true,"href":"https:\/\/przedszkole62.edu.wroclaw.pl\/index.php\/wp-json\/wp\/v2\/users\/450"}],"replies":[{"embeddable":true,"href":"https:\/\/przedszkole62.edu.wroclaw.pl\/index.php\/wp-json\/wp\/v2\/comments?post=4410"}],"version-history":[{"count":1,"href":"https:\/\/przedszkole62.edu.wroclaw.pl\/index.php\/wp-json\/wp\/v2\/posts\/4410\/revisions"}],"predecessor-version":[{"id":4412,"href":"https:\/\/przedszkole62.edu.wroclaw.pl\/index.php\/wp-json\/wp\/v2\/posts\/4410\/revisions\/4412"}],"wp:attachment":[{"href":"https:\/\/przedszkole62.edu.wroclaw.pl\/index.php\/wp-json\/wp\/v2\/media?parent=4410"}],"wp:term":[{"taxonomy":"category","embeddable":true,"href":"https:\/\/przedszkole62.edu.wroclaw.pl\/index.php\/wp-json\/wp\/v2\/categories?post=4410"},{"taxonomy":"post_tag","embeddable":true,"href":"https:\/\/przedszkole62.edu.wroclaw.pl\/index.php\/wp-json\/wp\/v2\/tags?post=4410"}],"curies":[{"name":"wp","href":"https:\/\/api.w.org\/{rel}","templated":true}]}}