
{"id":4419,"date":"2025-03-13T06:24:49","date_gmt":"2025-03-13T05:24:49","guid":{"rendered":"https:\/\/przedszkole62.edu.wroclaw.pl\/?p=4419"},"modified":"2025-03-13T06:25:09","modified_gmt":"2025-03-13T05:25:09","slug":"wyniki-konkursu-recytatorskiego","status":"publish","type":"post","link":"https:\/\/przedszkole62.edu.wroclaw.pl\/index.php\/2025\/03\/13\/wyniki-konkursu-recytatorskiego\/","title":{"rendered":"Wyniki Konkursu Recytatorskiego!!!"},"content":{"rendered":"<p><img loading=\"lazy\" decoding=\"async\" class=\"alignnone size-medium wp-image-4418\" src=\"https:\/\/przedszkole62.edu.wroclaw.pl\/wp-content\/uploads\/sites\/26\/2025\/03\/thumbnail_IMG_20250312_111223724-226x300.jpg\" alt=\"\" width=\"226\" height=\"300\" \/><\/p>\n<p><span data-olk-copy-source=\"MessageBody\">Mi\u0142o nam jest poinformowa\u0107 ,\u017ce Zuzia ,Hania \u0141 i Gabrysia\u00a0 z III grupy zdoby\u0142y odpowiednio drugie miejsce oraz wyr\u00f3\u017cnienie w konkursie recytatorskim, deklamuj\u0105c wiersze Juliana Tuwima. Konkurs organizowany by\u0142 przez SP 22 Gratulujemy!!!<\/span><\/p>\n","protected":false},"excerpt":{"rendered":"<p>Mi\u0142o nam jest poinformowa\u0107 ,\u017ce Zuzia ,Hania \u0141 i Gabrysia\u00a0 z III grupy zdoby\u0142y odpowiednio drugie miejsce oraz wyr\u00f3\u017cnienie w konkursie recytatorskim, deklamuj\u0105c wiersze Juliana Tuwima. Konkurs organizowany by\u0142 przez [&hellip;]<\/p>\n","protected":false},"author":450,"featured_media":0,"comment_status":"closed","ping_status":"closed","sticky":false,"template":"","format":"standard","meta":{"ngg_post_thumbnail":0,"footnotes":""},"categories":[3],"tags":[],"class_list":["post-4419","post","type-post","status-publish","format-standard","hentry","category-aktualnosci_archiwum-2024-2025","clearfix"],"_links":{"self":[{"href":"https:\/\/przedszkole62.edu.wroclaw.pl\/index.php\/wp-json\/wp\/v2\/posts\/4419","targetHints":{"allow":["GET"]}}],"collection":[{"href":"https:\/\/przedszkole62.edu.wroclaw.pl\/index.php\/wp-json\/wp\/v2\/posts"}],"about":[{"href":"https:\/\/przedszkole62.edu.wroclaw.pl\/index.php\/wp-json\/wp\/v2\/types\/post"}],"author":[{"embeddable":true,"href":"https:\/\/przedszkole62.edu.wroclaw.pl\/index.php\/wp-json\/wp\/v2\/users\/450"}],"replies":[{"embeddable":true,"href":"https:\/\/przedszkole62.edu.wroclaw.pl\/index.php\/wp-json\/wp\/v2\/comments?post=4419"}],"version-history":[{"count":1,"href":"https:\/\/przedszkole62.edu.wroclaw.pl\/index.php\/wp-json\/wp\/v2\/posts\/4419\/revisions"}],"predecessor-version":[{"id":4420,"href":"https:\/\/przedszkole62.edu.wroclaw.pl\/index.php\/wp-json\/wp\/v2\/posts\/4419\/revisions\/4420"}],"wp:attachment":[{"href":"https:\/\/przedszkole62.edu.wroclaw.pl\/index.php\/wp-json\/wp\/v2\/media?parent=4419"}],"wp:term":[{"taxonomy":"category","embeddable":true,"href":"https:\/\/przedszkole62.edu.wroclaw.pl\/index.php\/wp-json\/wp\/v2\/categories?post=4419"},{"taxonomy":"post_tag","embeddable":true,"href":"https:\/\/przedszkole62.edu.wroclaw.pl\/index.php\/wp-json\/wp\/v2\/tags?post=4419"}],"curies":[{"name":"wp","href":"https:\/\/api.w.org\/{rel}","templated":true}]}}