
{"id":4522,"date":"2025-04-01T14:47:40","date_gmt":"2025-04-01T12:47:40","guid":{"rendered":"https:\/\/przedszkole62.edu.wroclaw.pl\/?p=4522"},"modified":"2025-04-01T14:48:28","modified_gmt":"2025-04-01T12:48:28","slug":"udzial-w-programie-mamo-tato-wole-wode","status":"publish","type":"post","link":"https:\/\/przedszkole62.edu.wroclaw.pl\/index.php\/2025\/04\/01\/udzial-w-programie-mamo-tato-wole-wode\/","title":{"rendered":"Udzia\u0142 w programie &#8222;Mamo, tato wol\u0119 wod\u0119!&#8221;"},"content":{"rendered":"<p style=\"text-align: center\">Drodzy Rodzice mi\u0142o nam poinformowa\u0107, i\u017c<\/p>\n<p style=\"text-align: center\">nasze przedszkole bierze udzia\u0142 w XV edycji programu<\/p>\n<p style=\"text-align: center\">\u201eMamo, tato wol\u0119 wod\u0119!\u201d<\/p>\n<p style=\"text-align: center\">Jest to jeden z najbardziej cenionych program\u00f3w edukacyjnych w Polsce zainicjowany w 2009 roku przez \u017bywiec Zdr\u00f3j w trosce o zdrowy rozw\u00f3j najm\u0142odszych.<\/p>\n<p style=\"text-align: center\">Jego nadrz\u0119dnym celem jest wykszta\u0142cenie u dzieci prawid\u0142owych nawyk\u00f3w \u017cywieniowych ze szczeg\u00f3lnym podkre\u015bleniem roli wody w codziennej diecie, a tak\u017ce zwr\u00f3cenie ich uwagi na zagadnienie ochrony \u015brodowiska.<\/p>\n<p style=\"text-align: center\">W ramach programu tworzone s\u0105 dla przedszkoli eksperckie materia\u0142y edukacyjno-poznawcze, w tym scenariusze zaj\u0119\u0107, anga\u017cuj\u0105ce dzieci i wychowawc\u00f3w do wsp\u00f3lnej nauki poprzez zabaw\u0119.<\/p>\n<p style=\"text-align: center\"><img loading=\"lazy\" decoding=\"async\" class=\"size-medium wp-image-4523 aligncenter\" src=\"https:\/\/przedszkole62.edu.wroclaw.pl\/wp-content\/uploads\/sites\/26\/2025\/04\/ps_projekt_wole_wode_winieta-300x169.jpg\" alt=\"\" width=\"300\" height=\"169\" \/><\/p>\n","protected":false},"excerpt":{"rendered":"<p>Drodzy Rodzice mi\u0142o nam poinformowa\u0107, i\u017c nasze przedszkole bierze udzia\u0142 w XV edycji programu \u201eMamo, tato wol\u0119 wod\u0119!\u201d Jest to jeden z najbardziej cenionych program\u00f3w edukacyjnych w Polsce zainicjowany w [&hellip;]<\/p>\n","protected":false},"author":450,"featured_media":0,"comment_status":"closed","ping_status":"closed","sticky":false,"template":"","format":"standard","meta":{"ngg_post_thumbnail":0,"footnotes":""},"categories":[3],"tags":[],"class_list":["post-4522","post","type-post","status-publish","format-standard","hentry","category-aktualnosci_archiwum-2024-2025","clearfix"],"_links":{"self":[{"href":"https:\/\/przedszkole62.edu.wroclaw.pl\/index.php\/wp-json\/wp\/v2\/posts\/4522","targetHints":{"allow":["GET"]}}],"collection":[{"href":"https:\/\/przedszkole62.edu.wroclaw.pl\/index.php\/wp-json\/wp\/v2\/posts"}],"about":[{"href":"https:\/\/przedszkole62.edu.wroclaw.pl\/index.php\/wp-json\/wp\/v2\/types\/post"}],"author":[{"embeddable":true,"href":"https:\/\/przedszkole62.edu.wroclaw.pl\/index.php\/wp-json\/wp\/v2\/users\/450"}],"replies":[{"embeddable":true,"href":"https:\/\/przedszkole62.edu.wroclaw.pl\/index.php\/wp-json\/wp\/v2\/comments?post=4522"}],"version-history":[{"count":2,"href":"https:\/\/przedszkole62.edu.wroclaw.pl\/index.php\/wp-json\/wp\/v2\/posts\/4522\/revisions"}],"predecessor-version":[{"id":4525,"href":"https:\/\/przedszkole62.edu.wroclaw.pl\/index.php\/wp-json\/wp\/v2\/posts\/4522\/revisions\/4525"}],"wp:attachment":[{"href":"https:\/\/przedszkole62.edu.wroclaw.pl\/index.php\/wp-json\/wp\/v2\/media?parent=4522"}],"wp:term":[{"taxonomy":"category","embeddable":true,"href":"https:\/\/przedszkole62.edu.wroclaw.pl\/index.php\/wp-json\/wp\/v2\/categories?post=4522"},{"taxonomy":"post_tag","embeddable":true,"href":"https:\/\/przedszkole62.edu.wroclaw.pl\/index.php\/wp-json\/wp\/v2\/tags?post=4522"}],"curies":[{"name":"wp","href":"https:\/\/api.w.org\/{rel}","templated":true}]}}