
{"id":4579,"date":"2025-04-15T13:23:13","date_gmt":"2025-04-15T11:23:13","guid":{"rendered":"https:\/\/przedszkole62.edu.wroclaw.pl\/?p=4579"},"modified":"2025-04-15T13:24:21","modified_gmt":"2025-04-15T11:24:21","slug":"22-kwietnia-2025-dzien-ziemi","status":"publish","type":"post","link":"https:\/\/przedszkole62.edu.wroclaw.pl\/index.php\/2025\/04\/15\/22-kwietnia-2025-dzien-ziemi\/","title":{"rendered":"22 kwietnia &#8211; DZIE\u0143 ZIEMI"},"content":{"rendered":"<p><img loading=\"lazy\" decoding=\"async\" class=\"alignnone size-medium wp-image-4578\" src=\"https:\/\/przedszkole62.edu.wroclaw.pl\/wp-content\/uploads\/sites\/26\/2025\/04\/Dzien-Ziemi-plakat-169x300.jpg\" alt=\"\" width=\"169\" height=\"300\" \/><\/p>\n<p>Drodzy Rodzice, Kochane Dzieci ju\u017c za tydzie\u0144 w naszym przedszkolu b\u0119dziemy \u015bwi\u0119towa\u0107 DZIE\u0143 ZIEMI!!! Prosimy zapozna\u0107 si\u0119 z plakatem w holu przedszkola \ud83d\ude42<\/p>\n","protected":false},"excerpt":{"rendered":"<p>Drodzy Rodzice, Kochane Dzieci ju\u017c za tydzie\u0144 w naszym przedszkolu b\u0119dziemy \u015bwi\u0119towa\u0107 DZIE\u0143 ZIEMI!!! Prosimy zapozna\u0107 si\u0119 z plakatem w holu przedszkola \ud83d\ude42<\/p>\n","protected":false},"author":450,"featured_media":0,"comment_status":"closed","ping_status":"closed","sticky":false,"template":"","format":"standard","meta":{"ngg_post_thumbnail":0,"footnotes":""},"categories":[3],"tags":[],"class_list":["post-4579","post","type-post","status-publish","format-standard","hentry","category-aktualnosci_archiwum-2024-2025","clearfix"],"_links":{"self":[{"href":"https:\/\/przedszkole62.edu.wroclaw.pl\/index.php\/wp-json\/wp\/v2\/posts\/4579","targetHints":{"allow":["GET"]}}],"collection":[{"href":"https:\/\/przedszkole62.edu.wroclaw.pl\/index.php\/wp-json\/wp\/v2\/posts"}],"about":[{"href":"https:\/\/przedszkole62.edu.wroclaw.pl\/index.php\/wp-json\/wp\/v2\/types\/post"}],"author":[{"embeddable":true,"href":"https:\/\/przedszkole62.edu.wroclaw.pl\/index.php\/wp-json\/wp\/v2\/users\/450"}],"replies":[{"embeddable":true,"href":"https:\/\/przedszkole62.edu.wroclaw.pl\/index.php\/wp-json\/wp\/v2\/comments?post=4579"}],"version-history":[{"count":2,"href":"https:\/\/przedszkole62.edu.wroclaw.pl\/index.php\/wp-json\/wp\/v2\/posts\/4579\/revisions"}],"predecessor-version":[{"id":4581,"href":"https:\/\/przedszkole62.edu.wroclaw.pl\/index.php\/wp-json\/wp\/v2\/posts\/4579\/revisions\/4581"}],"wp:attachment":[{"href":"https:\/\/przedszkole62.edu.wroclaw.pl\/index.php\/wp-json\/wp\/v2\/media?parent=4579"}],"wp:term":[{"taxonomy":"category","embeddable":true,"href":"https:\/\/przedszkole62.edu.wroclaw.pl\/index.php\/wp-json\/wp\/v2\/categories?post=4579"},{"taxonomy":"post_tag","embeddable":true,"href":"https:\/\/przedszkole62.edu.wroclaw.pl\/index.php\/wp-json\/wp\/v2\/tags?post=4579"}],"curies":[{"name":"wp","href":"https:\/\/api.w.org\/{rel}","templated":true}]}}