
{"id":4735,"date":"2025-05-13T21:04:21","date_gmt":"2025-05-13T19:04:21","guid":{"rendered":"https:\/\/przedszkole62.edu.wroclaw.pl\/?p=4735"},"modified":"2025-05-13T21:04:21","modified_gmt":"2025-05-13T19:04:21","slug":"udzial-w-konkursie-muzyczno-plastycznym-ludowe-inspiracje-pod-patronatem-dyrektora-departamentu-edukacji","status":"publish","type":"post","link":"https:\/\/przedszkole62.edu.wroclaw.pl\/index.php\/2025\/05\/13\/udzial-w-konkursie-muzyczno-plastycznym-ludowe-inspiracje-pod-patronatem-dyrektora-departamentu-edukacji\/","title":{"rendered":"Udzia\u0142 w konkursie muzyczno-plastycznym &#8222;Ludowe Inspiracje&#8221; pod patronatem Dyrektora Departamentu Edukacji"},"content":{"rendered":"<p>Mi\u0142o nam poinformowa\u0107, i\u017c Nasze Przedszkole pod przewodnictwem Pani od Rytmiki &#8211; p. Dobromi\u0142y Ogi\u0144skiej-Broniszewskiej wzi\u0119\u0142o udzia\u0142 w konkursie muzyczno-plastycznym &#8222;Ludowe Inspiracje&#8221;, organizowanym przez Przedszkole Integracyjne Nr 93 im. Jana Brzechwy we Wroc\u0142awiu. Konkurs ten obj\u0119ty jest patronatem Dyrektora Departamentu Edukacji Urz\u0119du Miejskiego Wroc\u0142awia Pana Jaros\u0142awa Delewskiego.<\/p>\n<p>W nagraniu bra\u0142y udzia\u0142 dzieci z Tygrysk\u00f3w i Kr\u00f3liczk\u00f3w. Aran\u017cacj\u0119 przygotowa\u0142a Pani Dobromi\u0142a, kt\u00f3ra zagra\u0142a r\u00f3wnie\u017c na \u017cywo parti\u0119 skrzypiec. Pi\u0119knie ubrane dzieci pracowicie i z rado\u015bci\u0105 \u015bpiewa\u0142y oraz ta\u0144czy\u0142y piosenk\u0119 ludow\u0105 &#8222;Gacok&#8221;. Na zako\u0144czenie, na naszych uczestnik\u00f3w konkursu czeka\u0142a ma\u0142a, s\u0142odka niespodzianka, kt\u00f3ra bardzo im si\u0119 podoba\u0142a \ud83d\ude42<\/p>\n<p>Z niecierpliwo\u015bci\u0105 czekamy na og\u0142oszenie WYNIK\u00d3W konkursu!!!<\/p>\n<p><img loading=\"lazy\" decoding=\"async\" class=\"alignnone size-medium wp-image-4731\" src=\"https:\/\/przedszkole62.edu.wroclaw.pl\/wp-content\/uploads\/sites\/26\/2025\/05\/konkurs-1-300x205.jpg\" alt=\"\" width=\"300\" height=\"205\" \/><img loading=\"lazy\" decoding=\"async\" class=\"alignnone size-medium wp-image-4732\" src=\"https:\/\/przedszkole62.edu.wroclaw.pl\/wp-content\/uploads\/sites\/26\/2025\/05\/konkurs-2-300x187.jpg\" alt=\"\" width=\"300\" height=\"187\" \/><img loading=\"lazy\" decoding=\"async\" class=\"alignnone size-medium wp-image-4733\" src=\"https:\/\/przedszkole62.edu.wroclaw.pl\/wp-content\/uploads\/sites\/26\/2025\/05\/konkurs-3-300x177.jpg\" alt=\"\" width=\"300\" height=\"177\" \/><\/p>\n<div style=\"width: 848px;\" class=\"wp-video\"><video class=\"wp-video-shortcode\" id=\"video-4735-1\" width=\"848\" height=\"478\" preload=\"metadata\" controls=\"controls\"><source type=\"video\/mp4\" src=\"https:\/\/przedszkole62.edu.wroclaw.pl\/wp-content\/uploads\/sites\/26\/2025\/05\/konkurs-4.mp4?_=1\" \/><a href=\"https:\/\/przedszkole62.edu.wroclaw.pl\/wp-content\/uploads\/sites\/26\/2025\/05\/konkurs-4.mp4\">https:\/\/przedszkole62.edu.wroclaw.pl\/wp-content\/uploads\/sites\/26\/2025\/05\/konkurs-4.mp4<\/a><\/video><\/div>\n","protected":false},"excerpt":{"rendered":"<p>Mi\u0142o nam poinformowa\u0107, i\u017c Nasze Przedszkole pod przewodnictwem Pani od Rytmiki &#8211; p. Dobromi\u0142y Ogi\u0144skiej-Broniszewskiej wzi\u0119\u0142o udzia\u0142 w konkursie muzyczno-plastycznym &#8222;Ludowe Inspiracje&#8221;, organizowanym przez Przedszkole Integracyjne Nr 93 im. Jana [&hellip;]<\/p>\n","protected":false},"author":450,"featured_media":0,"comment_status":"closed","ping_status":"closed","sticky":false,"template":"","format":"standard","meta":{"ngg_post_thumbnail":0,"footnotes":""},"categories":[3],"tags":[],"class_list":["post-4735","post","type-post","status-publish","format-standard","hentry","category-aktualnosci_archiwum-2024-2025","clearfix"],"_links":{"self":[{"href":"https:\/\/przedszkole62.edu.wroclaw.pl\/index.php\/wp-json\/wp\/v2\/posts\/4735","targetHints":{"allow":["GET"]}}],"collection":[{"href":"https:\/\/przedszkole62.edu.wroclaw.pl\/index.php\/wp-json\/wp\/v2\/posts"}],"about":[{"href":"https:\/\/przedszkole62.edu.wroclaw.pl\/index.php\/wp-json\/wp\/v2\/types\/post"}],"author":[{"embeddable":true,"href":"https:\/\/przedszkole62.edu.wroclaw.pl\/index.php\/wp-json\/wp\/v2\/users\/450"}],"replies":[{"embeddable":true,"href":"https:\/\/przedszkole62.edu.wroclaw.pl\/index.php\/wp-json\/wp\/v2\/comments?post=4735"}],"version-history":[{"count":1,"href":"https:\/\/przedszkole62.edu.wroclaw.pl\/index.php\/wp-json\/wp\/v2\/posts\/4735\/revisions"}],"predecessor-version":[{"id":4736,"href":"https:\/\/przedszkole62.edu.wroclaw.pl\/index.php\/wp-json\/wp\/v2\/posts\/4735\/revisions\/4736"}],"wp:attachment":[{"href":"https:\/\/przedszkole62.edu.wroclaw.pl\/index.php\/wp-json\/wp\/v2\/media?parent=4735"}],"wp:term":[{"taxonomy":"category","embeddable":true,"href":"https:\/\/przedszkole62.edu.wroclaw.pl\/index.php\/wp-json\/wp\/v2\/categories?post=4735"},{"taxonomy":"post_tag","embeddable":true,"href":"https:\/\/przedszkole62.edu.wroclaw.pl\/index.php\/wp-json\/wp\/v2\/tags?post=4735"}],"curies":[{"name":"wp","href":"https:\/\/api.w.org\/{rel}","templated":true}]}}