
{"id":4772,"date":"2025-05-30T18:01:29","date_gmt":"2025-05-30T16:01:29","guid":{"rendered":"https:\/\/przedszkole62.edu.wroclaw.pl\/?p=4772"},"modified":"2025-05-30T18:05:22","modified_gmt":"2025-05-30T16:05:22","slug":"26-czerwca-wycieczka-na-zakonczenie-roku-szkolnego","status":"publish","type":"post","link":"https:\/\/przedszkole62.edu.wroclaw.pl\/index.php\/2025\/05\/30\/26-czerwca-wycieczka-na-zakonczenie-roku-szkolnego\/","title":{"rendered":"26 czerwca WYCIECZKA na zako\u0144czenie roku szkolnego"},"content":{"rendered":"<p><strong>Drodzy Rodzice<\/strong>,<\/p>\n<p>w dniu <u>26.06.2025<\/u> \u00a0w godz.09:00-15:00<\/p>\n<p>jedziemy na <strong>WYCIECZK\u0118 <\/strong>na zako\u0144czenie roku szkolnego<\/p>\n<p>do Mrozowa, gdzie odwiedzimy <strong>le\u015bn\u0105 \u015bcie\u017ck\u0119 edukacyjn\u0105 \ud83d\ude42<\/strong><\/p>\n<p>transport: <strong>autokar <\/strong><\/p>\n<p>koszt: <strong>BEZP\u0141ATNIE \u00a0<\/strong>(wycieczka organizowana w ramach cz\u0142onkostwa w LOP)<\/p>\n<p><strong>!Prosimy o <u>PLECAKI<\/u> \u00a0i <u>CZAPKI z daszkiem<\/u> chroni\u0105ce przed s\u0142o\u0144cem dla dzieci!<\/strong><\/p>\n<p><strong>W plecaku dzieci mog\u0105 mie\u0107 PRZEK\u0104SK\u0118 bez czekolady \ud83d\ude42<\/strong><\/p>\n<p><strong>PROSIMY O PODPISANIE I DOSTARCZENIE NAM<\/strong><strong> ZGODY NA UDZIA\u0141 DZIECKA W WYCIECZCE!!!<\/strong><\/p>\n<p><img loading=\"lazy\" decoding=\"async\" class=\"wp-image-4766 alignleft\" src=\"https:\/\/przedszkole62.edu.wroclaw.pl\/wp-content\/uploads\/sites\/26\/2025\/05\/Zrzut-ekranu-2025-05-30-170655-300x211.png\" alt=\"\" width=\"371\" height=\"261\" \/><\/p>\n","protected":false},"excerpt":{"rendered":"<p>Drodzy Rodzice, w dniu 26.06.2025 \u00a0w godz.09:00-15:00 jedziemy na WYCIECZK\u0118 na zako\u0144czenie roku szkolnego do Mrozowa, gdzie odwiedzimy le\u015bn\u0105 \u015bcie\u017ck\u0119 edukacyjn\u0105 \ud83d\ude42 transport: autokar koszt: BEZP\u0141ATNIE \u00a0(wycieczka organizowana w ramach [&hellip;]<\/p>\n","protected":false},"author":450,"featured_media":0,"comment_status":"closed","ping_status":"closed","sticky":false,"template":"","format":"standard","meta":{"ngg_post_thumbnail":0,"footnotes":""},"categories":[3],"tags":[],"class_list":["post-4772","post","type-post","status-publish","format-standard","hentry","category-aktualnosci_archiwum-2024-2025","clearfix"],"_links":{"self":[{"href":"https:\/\/przedszkole62.edu.wroclaw.pl\/index.php\/wp-json\/wp\/v2\/posts\/4772","targetHints":{"allow":["GET"]}}],"collection":[{"href":"https:\/\/przedszkole62.edu.wroclaw.pl\/index.php\/wp-json\/wp\/v2\/posts"}],"about":[{"href":"https:\/\/przedszkole62.edu.wroclaw.pl\/index.php\/wp-json\/wp\/v2\/types\/post"}],"author":[{"embeddable":true,"href":"https:\/\/przedszkole62.edu.wroclaw.pl\/index.php\/wp-json\/wp\/v2\/users\/450"}],"replies":[{"embeddable":true,"href":"https:\/\/przedszkole62.edu.wroclaw.pl\/index.php\/wp-json\/wp\/v2\/comments?post=4772"}],"version-history":[{"count":4,"href":"https:\/\/przedszkole62.edu.wroclaw.pl\/index.php\/wp-json\/wp\/v2\/posts\/4772\/revisions"}],"predecessor-version":[{"id":4776,"href":"https:\/\/przedszkole62.edu.wroclaw.pl\/index.php\/wp-json\/wp\/v2\/posts\/4772\/revisions\/4776"}],"wp:attachment":[{"href":"https:\/\/przedszkole62.edu.wroclaw.pl\/index.php\/wp-json\/wp\/v2\/media?parent=4772"}],"wp:term":[{"taxonomy":"category","embeddable":true,"href":"https:\/\/przedszkole62.edu.wroclaw.pl\/index.php\/wp-json\/wp\/v2\/categories?post=4772"},{"taxonomy":"post_tag","embeddable":true,"href":"https:\/\/przedszkole62.edu.wroclaw.pl\/index.php\/wp-json\/wp\/v2\/tags?post=4772"}],"curies":[{"name":"wp","href":"https:\/\/api.w.org\/{rel}","templated":true}]}}