
{"id":4826,"date":"2025-06-11T12:06:12","date_gmt":"2025-06-11T10:06:12","guid":{"rendered":"https:\/\/przedszkole62.edu.wroclaw.pl\/?p=4826"},"modified":"2025-06-11T12:06:45","modified_gmt":"2025-06-11T10:06:45","slug":"podziekowanie-za-udzial-w-festynie-rodzinnym-06-06-2025","status":"publish","type":"post","link":"https:\/\/przedszkole62.edu.wroclaw.pl\/index.php\/2025\/06\/11\/podziekowanie-za-udzial-w-festynie-rodzinnym-06-06-2025\/","title":{"rendered":"Podzi\u0119kowanie za udzia\u0142 w Festynie Rodzinnym 06.06.2025"},"content":{"rendered":"<div style=\"width: 480px;\" class=\"wp-video\"><video class=\"wp-video-shortcode\" id=\"video-4826-1\" width=\"480\" height=\"848\" preload=\"metadata\" controls=\"controls\"><source type=\"video\/mp4\" src=\"https:\/\/przedszkole62.edu.wroclaw.pl\/wp-content\/uploads\/sites\/26\/2025\/06\/Podziekowanie-za-udzial-w-Festynie-Rodzinnym.mp4?_=1\" \/><a href=\"https:\/\/przedszkole62.edu.wroclaw.pl\/wp-content\/uploads\/sites\/26\/2025\/06\/Podziekowanie-za-udzial-w-Festynie-Rodzinnym.mp4\">https:\/\/przedszkole62.edu.wroclaw.pl\/wp-content\/uploads\/sites\/26\/2025\/06\/Podziekowanie-za-udzial-w-Festynie-Rodzinnym.mp4<\/a><\/video><\/div>\n<p>Kochani Rodzice DZI\u0118KUJEMY za Wasz\u0105 obecno\u015b\u0107 na Festynie Rodzinnym&#8230;za wsp\u00f3lnie sp\u0119dzony czas, zabaw\u0119 i u\u015bmiech!!!<\/p>\n<p>Ps. DZI\u0118KUJEMY r\u00f3wnie\u017c za przyniesione ciasta i pomoc w sprz\u0105taniu \ud83d\ude09<\/p>\n","protected":false},"excerpt":{"rendered":"<p>Kochani Rodzice DZI\u0118KUJEMY za Wasz\u0105 obecno\u015b\u0107 na Festynie Rodzinnym&#8230;za wsp\u00f3lnie sp\u0119dzony czas, zabaw\u0119 i u\u015bmiech!!! Ps. DZI\u0118KUJEMY r\u00f3wnie\u017c za przyniesione ciasta i pomoc w sprz\u0105taniu \ud83d\ude09<\/p>\n","protected":false},"author":450,"featured_media":0,"comment_status":"closed","ping_status":"closed","sticky":false,"template":"","format":"standard","meta":{"ngg_post_thumbnail":0,"footnotes":""},"categories":[3],"tags":[],"class_list":["post-4826","post","type-post","status-publish","format-standard","hentry","category-aktualnosci_archiwum-2024-2025","clearfix"],"_links":{"self":[{"href":"https:\/\/przedszkole62.edu.wroclaw.pl\/index.php\/wp-json\/wp\/v2\/posts\/4826","targetHints":{"allow":["GET"]}}],"collection":[{"href":"https:\/\/przedszkole62.edu.wroclaw.pl\/index.php\/wp-json\/wp\/v2\/posts"}],"about":[{"href":"https:\/\/przedszkole62.edu.wroclaw.pl\/index.php\/wp-json\/wp\/v2\/types\/post"}],"author":[{"embeddable":true,"href":"https:\/\/przedszkole62.edu.wroclaw.pl\/index.php\/wp-json\/wp\/v2\/users\/450"}],"replies":[{"embeddable":true,"href":"https:\/\/przedszkole62.edu.wroclaw.pl\/index.php\/wp-json\/wp\/v2\/comments?post=4826"}],"version-history":[{"count":1,"href":"https:\/\/przedszkole62.edu.wroclaw.pl\/index.php\/wp-json\/wp\/v2\/posts\/4826\/revisions"}],"predecessor-version":[{"id":4827,"href":"https:\/\/przedszkole62.edu.wroclaw.pl\/index.php\/wp-json\/wp\/v2\/posts\/4826\/revisions\/4827"}],"wp:attachment":[{"href":"https:\/\/przedszkole62.edu.wroclaw.pl\/index.php\/wp-json\/wp\/v2\/media?parent=4826"}],"wp:term":[{"taxonomy":"category","embeddable":true,"href":"https:\/\/przedszkole62.edu.wroclaw.pl\/index.php\/wp-json\/wp\/v2\/categories?post=4826"},{"taxonomy":"post_tag","embeddable":true,"href":"https:\/\/przedszkole62.edu.wroclaw.pl\/index.php\/wp-json\/wp\/v2\/tags?post=4826"}],"curies":[{"name":"wp","href":"https:\/\/api.w.org\/{rel}","templated":true}]}}