
{"id":4889,"date":"2025-08-18T20:39:18","date_gmt":"2025-08-18T18:39:18","guid":{"rendered":"https:\/\/przedszkole62.edu.wroclaw.pl\/?p=4889"},"modified":"2025-08-18T20:41:34","modified_gmt":"2025-08-18T18:41:34","slug":"wyniki-xix-edycji-konkursu-muzyczno-plastycznego-ludowe-inspiracje","status":"publish","type":"post","link":"https:\/\/przedszkole62.edu.wroclaw.pl\/index.php\/2025\/08\/18\/wyniki-xix-edycji-konkursu-muzyczno-plastycznego-ludowe-inspiracje\/","title":{"rendered":"WYNIKI XIX edycji konkursu muzyczno-plastycznego &#8222;Ludowe Inspiracje&#8221;!!!"},"content":{"rendered":"<p>Mi\u0142o nam poinformowa\u0107, i\u017c nasze przedszkole zaj\u0119\u0142o <span style=\"color: #ff0000\">2 miejsce<\/span> w XIX edycji konkursu muzyczno-plastycznego &#8222;Ludowe Inspiracje&#8221; \ud83d\ude42<\/p>\n<p>Gratulujemy uczestnikom konkursu!!! <a href=\"https:\/\/przedszkole62.edu.wroclaw.pl\/wp-content\/uploads\/sites\/26\/2025\/08\/dyplom-strona.pdf\">dyplom strona<\/a><\/p>\n<p><img loading=\"lazy\" decoding=\"async\" class=\"size-medium wp-image-4891 alignleft\" src=\"https:\/\/przedszkole62.edu.wroclaw.pl\/wp-content\/uploads\/sites\/26\/2025\/08\/Zrzut-ekranu-2025-08-18-203947-213x300.png\" alt=\"\" width=\"213\" height=\"300\" \/><\/p>\n","protected":false},"excerpt":{"rendered":"<p>Mi\u0142o nam poinformowa\u0107, i\u017c nasze przedszkole zaj\u0119\u0142o 2 miejsce w XIX edycji konkursu muzyczno-plastycznego &#8222;Ludowe Inspiracje&#8221; \ud83d\ude42 Gratulujemy uczestnikom konkursu!!! dyplom strona<\/p>\n","protected":false},"author":450,"featured_media":0,"comment_status":"closed","ping_status":"closed","sticky":false,"template":"","format":"standard","meta":{"ngg_post_thumbnail":0,"footnotes":""},"categories":[3],"tags":[],"class_list":["post-4889","post","type-post","status-publish","format-standard","hentry","category-aktualnosci_archiwum-2024-2025","clearfix"],"_links":{"self":[{"href":"https:\/\/przedszkole62.edu.wroclaw.pl\/index.php\/wp-json\/wp\/v2\/posts\/4889","targetHints":{"allow":["GET"]}}],"collection":[{"href":"https:\/\/przedszkole62.edu.wroclaw.pl\/index.php\/wp-json\/wp\/v2\/posts"}],"about":[{"href":"https:\/\/przedszkole62.edu.wroclaw.pl\/index.php\/wp-json\/wp\/v2\/types\/post"}],"author":[{"embeddable":true,"href":"https:\/\/przedszkole62.edu.wroclaw.pl\/index.php\/wp-json\/wp\/v2\/users\/450"}],"replies":[{"embeddable":true,"href":"https:\/\/przedszkole62.edu.wroclaw.pl\/index.php\/wp-json\/wp\/v2\/comments?post=4889"}],"version-history":[{"count":3,"href":"https:\/\/przedszkole62.edu.wroclaw.pl\/index.php\/wp-json\/wp\/v2\/posts\/4889\/revisions"}],"predecessor-version":[{"id":4894,"href":"https:\/\/przedszkole62.edu.wroclaw.pl\/index.php\/wp-json\/wp\/v2\/posts\/4889\/revisions\/4894"}],"wp:attachment":[{"href":"https:\/\/przedszkole62.edu.wroclaw.pl\/index.php\/wp-json\/wp\/v2\/media?parent=4889"}],"wp:term":[{"taxonomy":"category","embeddable":true,"href":"https:\/\/przedszkole62.edu.wroclaw.pl\/index.php\/wp-json\/wp\/v2\/categories?post=4889"},{"taxonomy":"post_tag","embeddable":true,"href":"https:\/\/przedszkole62.edu.wroclaw.pl\/index.php\/wp-json\/wp\/v2\/tags?post=4889"}],"curies":[{"name":"wp","href":"https:\/\/api.w.org\/{rel}","templated":true}]}}