
{"id":4953,"date":"2025-09-11T18:49:16","date_gmt":"2025-09-11T16:49:16","guid":{"rendered":"https:\/\/przedszkole62.edu.wroclaw.pl\/?p=4953"},"modified":"2025-09-11T19:11:08","modified_gmt":"2025-09-11T17:11:08","slug":"17-wrzesnia-bajkowoz","status":"publish","type":"post","link":"https:\/\/przedszkole62.edu.wroclaw.pl\/index.php\/2025\/09\/11\/17-wrzesnia-bajkowoz\/","title":{"rendered":"17 wrze\u015bnia BAJKOW\u00d3Z"},"content":{"rendered":"<p style=\"text-align: center\">W dniu <strong>17 wrze\u015bnia<\/strong> o godz.09:15<\/p>\n<p style=\"text-align: center\">nasze przedszkole odwiedzi<\/p>\n<p style=\"text-align: center\"><strong>BAJKOW\u00d3Z<\/strong><\/p>\n<p style=\"text-align: center\"><u>koszt: 22 z\u0142\/dziecko<\/u><\/p>\n<p style=\"text-align: center\">Pani Skarbnik utworzy\u0142a zbi\u00f3rk\u0119, prosimy o wp\u0142aty J<\/p>\n<p><img loading=\"lazy\" decoding=\"async\" class=\"size-medium wp-image-4961 aligncenter\" src=\"https:\/\/przedszkole62.edu.wroclaw.pl\/wp-content\/uploads\/sites\/26\/2025\/09\/teatrzyk-300x225.jpg\" alt=\"\" width=\"300\" height=\"225\" srcset=\"https:\/\/przedszkole62.edu.wroclaw.pl\/wp-content\/uploads\/sites\/26\/2025\/09\/teatrzyk-300x225.jpg 300w, https:\/\/przedszkole62.edu.wroclaw.pl\/wp-content\/uploads\/sites\/26\/2025\/09\/teatrzyk.jpg 612w\" sizes=\"auto, (max-width: 300px) 100vw, 300px\" \/><\/p>\n","protected":false},"excerpt":{"rendered":"<p>W dniu 17 wrze\u015bnia o godz.09:15 nasze przedszkole odwiedzi BAJKOW\u00d3Z koszt: 22 z\u0142\/dziecko Pani Skarbnik utworzy\u0142a zbi\u00f3rk\u0119, prosimy o wp\u0142aty J<\/p>\n","protected":false},"author":450,"featured_media":0,"comment_status":"closed","ping_status":"closed","sticky":false,"template":"","format":"standard","meta":{"ngg_post_thumbnail":0,"footnotes":""},"categories":[7],"tags":[],"class_list":["post-4953","post","type-post","status-publish","format-standard","hentry","category-aktualnosci","clearfix"],"_links":{"self":[{"href":"https:\/\/przedszkole62.edu.wroclaw.pl\/index.php\/wp-json\/wp\/v2\/posts\/4953","targetHints":{"allow":["GET"]}}],"collection":[{"href":"https:\/\/przedszkole62.edu.wroclaw.pl\/index.php\/wp-json\/wp\/v2\/posts"}],"about":[{"href":"https:\/\/przedszkole62.edu.wroclaw.pl\/index.php\/wp-json\/wp\/v2\/types\/post"}],"author":[{"embeddable":true,"href":"https:\/\/przedszkole62.edu.wroclaw.pl\/index.php\/wp-json\/wp\/v2\/users\/450"}],"replies":[{"embeddable":true,"href":"https:\/\/przedszkole62.edu.wroclaw.pl\/index.php\/wp-json\/wp\/v2\/comments?post=4953"}],"version-history":[{"count":3,"href":"https:\/\/przedszkole62.edu.wroclaw.pl\/index.php\/wp-json\/wp\/v2\/posts\/4953\/revisions"}],"predecessor-version":[{"id":4963,"href":"https:\/\/przedszkole62.edu.wroclaw.pl\/index.php\/wp-json\/wp\/v2\/posts\/4953\/revisions\/4963"}],"wp:attachment":[{"href":"https:\/\/przedszkole62.edu.wroclaw.pl\/index.php\/wp-json\/wp\/v2\/media?parent=4953"}],"wp:term":[{"taxonomy":"category","embeddable":true,"href":"https:\/\/przedszkole62.edu.wroclaw.pl\/index.php\/wp-json\/wp\/v2\/categories?post=4953"},{"taxonomy":"post_tag","embeddable":true,"href":"https:\/\/przedszkole62.edu.wroclaw.pl\/index.php\/wp-json\/wp\/v2\/tags?post=4953"}],"curies":[{"name":"wp","href":"https:\/\/api.w.org\/{rel}","templated":true}]}}