
{"id":4955,"date":"2025-09-11T18:58:34","date_gmt":"2025-09-11T16:58:34","guid":{"rendered":"https:\/\/przedszkole62.edu.wroclaw.pl\/?p=4955"},"modified":"2025-09-11T19:12:14","modified_gmt":"2025-09-11T17:12:14","slug":"dzien-przedszkolaka-w-stumilowym-lesie","status":"publish","type":"post","link":"https:\/\/przedszkole62.edu.wroclaw.pl\/index.php\/2025\/09\/11\/dzien-przedszkolaka-w-stumilowym-lesie\/","title":{"rendered":"DZIE\u0143 PRZEDSZKOLAKA w Stumilowym Lesie"},"content":{"rendered":"<p style=\"text-align: center\">W dniu <strong>22 wrze\u015bnia<\/strong> b\u0119dziemy \u015bwi\u0119towa\u0107 <strong>Dzie\u0144 Przedszkolaka <\/strong>wsp\u00f3lnie ze wszystkimi przedszkolakami w sali Puchatk\u00f3w&#8230;<\/p>\n<p style=\"text-align: center\">a <strong>24<\/strong> <strong>wrze\u015bnia<\/strong> wybieramy si\u0119 na przeja\u017cd\u017ck\u0119 <strong>CIUCHCI\u0104 WROC\u0141AWSK\u0104<\/strong> po okolicy przedszkola \ud83d\ude42<\/p>\n<p style=\"text-align: center\">koszt: 25 z\u0142\/dziecko<\/p>\n<p style=\"text-align: center\">Pani Skarbnik utworzy\u0142a zbi\u00f3rk\u0119, prosimy o wp\u0142aty.<\/p>\n<p><img loading=\"lazy\" decoding=\"async\" class=\"size-medium wp-image-4959 aligncenter\" src=\"https:\/\/przedszkole62.edu.wroclaw.pl\/wp-content\/uploads\/sites\/26\/2025\/09\/3-3-scaled-1-225x300.jpg\" alt=\"\" width=\"225\" height=\"300\" srcset=\"https:\/\/przedszkole62.edu.wroclaw.pl\/wp-content\/uploads\/sites\/26\/2025\/09\/3-3-scaled-1-225x300.jpg 225w, https:\/\/przedszkole62.edu.wroclaw.pl\/wp-content\/uploads\/sites\/26\/2025\/09\/3-3-scaled-1-768x1024.jpg 768w, https:\/\/przedszkole62.edu.wroclaw.pl\/wp-content\/uploads\/sites\/26\/2025\/09\/3-3-scaled-1-1152x1536.jpg 1152w, https:\/\/przedszkole62.edu.wroclaw.pl\/wp-content\/uploads\/sites\/26\/2025\/09\/3-3-scaled-1-1536x2048.jpg 1536w, https:\/\/przedszkole62.edu.wroclaw.pl\/wp-content\/uploads\/sites\/26\/2025\/09\/3-3-scaled-1.jpg 1920w\" sizes=\"auto, (max-width: 225px) 100vw, 225px\" \/><\/p>\n","protected":false},"excerpt":{"rendered":"<p>W dniu 22 wrze\u015bnia b\u0119dziemy \u015bwi\u0119towa\u0107 Dzie\u0144 Przedszkolaka wsp\u00f3lnie ze wszystkimi przedszkolakami w sali Puchatk\u00f3w&#8230; a 24 wrze\u015bnia wybieramy si\u0119 na przeja\u017cd\u017ck\u0119 CIUCHCI\u0104 WROC\u0141AWSK\u0104 po okolicy przedszkola \ud83d\ude42 koszt: 25 [&hellip;]<\/p>\n","protected":false},"author":450,"featured_media":0,"comment_status":"closed","ping_status":"closed","sticky":false,"template":"","format":"standard","meta":{"ngg_post_thumbnail":0,"footnotes":""},"categories":[7],"tags":[],"class_list":["post-4955","post","type-post","status-publish","format-standard","hentry","category-aktualnosci","clearfix"],"_links":{"self":[{"href":"https:\/\/przedszkole62.edu.wroclaw.pl\/index.php\/wp-json\/wp\/v2\/posts\/4955","targetHints":{"allow":["GET"]}}],"collection":[{"href":"https:\/\/przedszkole62.edu.wroclaw.pl\/index.php\/wp-json\/wp\/v2\/posts"}],"about":[{"href":"https:\/\/przedszkole62.edu.wroclaw.pl\/index.php\/wp-json\/wp\/v2\/types\/post"}],"author":[{"embeddable":true,"href":"https:\/\/przedszkole62.edu.wroclaw.pl\/index.php\/wp-json\/wp\/v2\/users\/450"}],"replies":[{"embeddable":true,"href":"https:\/\/przedszkole62.edu.wroclaw.pl\/index.php\/wp-json\/wp\/v2\/comments?post=4955"}],"version-history":[{"count":4,"href":"https:\/\/przedszkole62.edu.wroclaw.pl\/index.php\/wp-json\/wp\/v2\/posts\/4955\/revisions"}],"predecessor-version":[{"id":4964,"href":"https:\/\/przedszkole62.edu.wroclaw.pl\/index.php\/wp-json\/wp\/v2\/posts\/4955\/revisions\/4964"}],"wp:attachment":[{"href":"https:\/\/przedszkole62.edu.wroclaw.pl\/index.php\/wp-json\/wp\/v2\/media?parent=4955"}],"wp:term":[{"taxonomy":"category","embeddable":true,"href":"https:\/\/przedszkole62.edu.wroclaw.pl\/index.php\/wp-json\/wp\/v2\/categories?post=4955"},{"taxonomy":"post_tag","embeddable":true,"href":"https:\/\/przedszkole62.edu.wroclaw.pl\/index.php\/wp-json\/wp\/v2\/tags?post=4955"}],"curies":[{"name":"wp","href":"https:\/\/api.w.org\/{rel}","templated":true}]}}