
{"id":5028,"date":"2025-09-21T13:50:31","date_gmt":"2025-09-21T11:50:31","guid":{"rendered":"https:\/\/przedszkole62.edu.wroclaw.pl\/?p=5028"},"modified":"2025-09-21T13:53:22","modified_gmt":"2025-09-21T11:53:22","slug":"29-wrzesnia-dzien-glosnego-czytania","status":"publish","type":"post","link":"https:\/\/przedszkole62.edu.wroclaw.pl\/index.php\/2025\/09\/21\/29-wrzesnia-dzien-glosnego-czytania\/","title":{"rendered":"29 wrze\u015bnia DZIE\u0143 G\u0141O\u015aNEGO CZYTANIA"},"content":{"rendered":"<p style=\"text-align: center\">Drodzy Rodzice , Kochane Dzieci <strong>29 wrze\u015bnia<\/strong> b\u0119dziemy obchodzi\u0107 w naszym Przedszkolu <strong>&#8222;Dzie\u0144 G\u0142o\u015bnego Czytania&#8221;<\/strong>,<\/p>\n<p style=\"text-align: center\">z tej okazji zapraszamy do przyniesienia swojej ulubionej ksi\u0105\u017ceczki do przedszkola \ud83d\ude42<\/p>\n<p style=\"text-align: center\">Ps. Ch\u0119tnych Rodzic\u00f3w zapraszamy do wsp\u00f3lnego czytania z nami w tym dniu.<\/p>\n<p><img loading=\"lazy\" decoding=\"async\" class=\"wp-image-5030 aligncenter\" src=\"https:\/\/przedszkole62.edu.wroclaw.pl\/wp-content\/uploads\/sites\/26\/2025\/09\/glosne-czytanie-plakat-300x210.png\" alt=\"\" width=\"319\" height=\"223\" srcset=\"https:\/\/przedszkole62.edu.wroclaw.pl\/wp-content\/uploads\/sites\/26\/2025\/09\/glosne-czytanie-plakat-300x210.png 300w, https:\/\/przedszkole62.edu.wroclaw.pl\/wp-content\/uploads\/sites\/26\/2025\/09\/glosne-czytanie-plakat-1024x717.png 1024w, https:\/\/przedszkole62.edu.wroclaw.pl\/wp-content\/uploads\/sites\/26\/2025\/09\/glosne-czytanie-plakat-768x537.png 768w, https:\/\/przedszkole62.edu.wroclaw.pl\/wp-content\/uploads\/sites\/26\/2025\/09\/glosne-czytanie-plakat-1536x1075.png 1536w, https:\/\/przedszkole62.edu.wroclaw.pl\/wp-content\/uploads\/sites\/26\/2025\/09\/glosne-czytanie-plakat.png 1999w\" sizes=\"auto, (max-width: 319px) 100vw, 319px\" \/><\/p>\n","protected":false},"excerpt":{"rendered":"<p>Drodzy Rodzice , Kochane Dzieci 29 wrze\u015bnia b\u0119dziemy obchodzi\u0107 w naszym Przedszkolu &#8222;Dzie\u0144 G\u0142o\u015bnego Czytania&#8221;, z tej okazji zapraszamy do przyniesienia swojej ulubionej ksi\u0105\u017ceczki do przedszkola \ud83d\ude42 Ps. Ch\u0119tnych Rodzic\u00f3w [&hellip;]<\/p>\n","protected":false},"author":450,"featured_media":0,"comment_status":"closed","ping_status":"closed","sticky":false,"template":"","format":"standard","meta":{"ngg_post_thumbnail":0,"footnotes":""},"categories":[7],"tags":[],"class_list":["post-5028","post","type-post","status-publish","format-standard","hentry","category-aktualnosci","clearfix"],"_links":{"self":[{"href":"https:\/\/przedszkole62.edu.wroclaw.pl\/index.php\/wp-json\/wp\/v2\/posts\/5028","targetHints":{"allow":["GET"]}}],"collection":[{"href":"https:\/\/przedszkole62.edu.wroclaw.pl\/index.php\/wp-json\/wp\/v2\/posts"}],"about":[{"href":"https:\/\/przedszkole62.edu.wroclaw.pl\/index.php\/wp-json\/wp\/v2\/types\/post"}],"author":[{"embeddable":true,"href":"https:\/\/przedszkole62.edu.wroclaw.pl\/index.php\/wp-json\/wp\/v2\/users\/450"}],"replies":[{"embeddable":true,"href":"https:\/\/przedszkole62.edu.wroclaw.pl\/index.php\/wp-json\/wp\/v2\/comments?post=5028"}],"version-history":[{"count":2,"href":"https:\/\/przedszkole62.edu.wroclaw.pl\/index.php\/wp-json\/wp\/v2\/posts\/5028\/revisions"}],"predecessor-version":[{"id":5031,"href":"https:\/\/przedszkole62.edu.wroclaw.pl\/index.php\/wp-json\/wp\/v2\/posts\/5028\/revisions\/5031"}],"wp:attachment":[{"href":"https:\/\/przedszkole62.edu.wroclaw.pl\/index.php\/wp-json\/wp\/v2\/media?parent=5028"}],"wp:term":[{"taxonomy":"category","embeddable":true,"href":"https:\/\/przedszkole62.edu.wroclaw.pl\/index.php\/wp-json\/wp\/v2\/categories?post=5028"},{"taxonomy":"post_tag","embeddable":true,"href":"https:\/\/przedszkole62.edu.wroclaw.pl\/index.php\/wp-json\/wp\/v2\/tags?post=5028"}],"curies":[{"name":"wp","href":"https:\/\/api.w.org\/{rel}","templated":true}]}}