
{"id":5128,"date":"2025-09-29T21:00:51","date_gmt":"2025-09-29T19:00:51","guid":{"rendered":"https:\/\/przedszkole62.edu.wroclaw.pl\/?p=5128"},"modified":"2025-09-29T21:04:03","modified_gmt":"2025-09-29T19:04:03","slug":"6-pazdziernika-pokaz-akrobatyczny","status":"publish","type":"post","link":"https:\/\/przedszkole62.edu.wroclaw.pl\/index.php\/2025\/09\/29\/6-pazdziernika-pokaz-akrobatyczny\/","title":{"rendered":"6 pa\u017adziernika &#8222;Pokaz Akrobatyczny&#8221;"},"content":{"rendered":"<p style=\"text-align: center\">Drodzy Rodzice, Kochane Dzieci<\/p>\n<p style=\"text-align: center\">w dniu 6 pa\u017adziernika o godz. 09:30<\/p>\n<p style=\"text-align: center\">odb\u0119dzie si\u0119 w naszym przedszkolu<\/p>\n<p style=\"text-align: center\">bezp\u0142atny &#8222;POKAZ AKROBATYCZNY&#8221; \ud83d\ude42<\/p>\n<p style=\"text-align: center\">ZAPRASZAMY!!!<\/p>\n<p><img loading=\"lazy\" decoding=\"async\" class=\"alignnone size-medium wp-image-5131 aligncenter\" src=\"https:\/\/przedszkole62.edu.wroclaw.pl\/wp-content\/uploads\/sites\/26\/2025\/09\/akrobatyka-300x220.avif\" alt=\"\" width=\"300\" height=\"220\" srcset=\"https:\/\/przedszkole62.edu.wroclaw.pl\/wp-content\/uploads\/sites\/26\/2025\/09\/akrobatyka-300x220.avif 300w, https:\/\/przedszkole62.edu.wroclaw.pl\/wp-content\/uploads\/sites\/26\/2025\/09\/akrobatyka.avif 626w\" sizes=\"auto, (max-width: 300px) 100vw, 300px\" \/><\/p>\n","protected":false},"excerpt":{"rendered":"<p>Drodzy Rodzice, Kochane Dzieci w dniu 6 pa\u017adziernika o godz. 09:30 odb\u0119dzie si\u0119 w naszym przedszkolu bezp\u0142atny &#8222;POKAZ AKROBATYCZNY&#8221; \ud83d\ude42 ZAPRASZAMY!!!<\/p>\n","protected":false},"author":450,"featured_media":0,"comment_status":"closed","ping_status":"closed","sticky":false,"template":"","format":"standard","meta":{"ngg_post_thumbnail":0,"footnotes":""},"categories":[7,1],"tags":[],"class_list":["post-5128","post","type-post","status-publish","format-standard","hentry","category-aktualnosci","category-bez-kategorii","clearfix"],"_links":{"self":[{"href":"https:\/\/przedszkole62.edu.wroclaw.pl\/index.php\/wp-json\/wp\/v2\/posts\/5128","targetHints":{"allow":["GET"]}}],"collection":[{"href":"https:\/\/przedszkole62.edu.wroclaw.pl\/index.php\/wp-json\/wp\/v2\/posts"}],"about":[{"href":"https:\/\/przedszkole62.edu.wroclaw.pl\/index.php\/wp-json\/wp\/v2\/types\/post"}],"author":[{"embeddable":true,"href":"https:\/\/przedszkole62.edu.wroclaw.pl\/index.php\/wp-json\/wp\/v2\/users\/450"}],"replies":[{"embeddable":true,"href":"https:\/\/przedszkole62.edu.wroclaw.pl\/index.php\/wp-json\/wp\/v2\/comments?post=5128"}],"version-history":[{"count":3,"href":"https:\/\/przedszkole62.edu.wroclaw.pl\/index.php\/wp-json\/wp\/v2\/posts\/5128\/revisions"}],"predecessor-version":[{"id":5132,"href":"https:\/\/przedszkole62.edu.wroclaw.pl\/index.php\/wp-json\/wp\/v2\/posts\/5128\/revisions\/5132"}],"wp:attachment":[{"href":"https:\/\/przedszkole62.edu.wroclaw.pl\/index.php\/wp-json\/wp\/v2\/media?parent=5128"}],"wp:term":[{"taxonomy":"category","embeddable":true,"href":"https:\/\/przedszkole62.edu.wroclaw.pl\/index.php\/wp-json\/wp\/v2\/categories?post=5128"},{"taxonomy":"post_tag","embeddable":true,"href":"https:\/\/przedszkole62.edu.wroclaw.pl\/index.php\/wp-json\/wp\/v2\/tags?post=5128"}],"curies":[{"name":"wp","href":"https:\/\/api.w.org\/{rel}","templated":true}]}}