
{"id":5205,"date":"2025-10-07T16:42:37","date_gmt":"2025-10-07T14:42:37","guid":{"rendered":"https:\/\/przedszkole62.edu.wroclaw.pl\/?p=5205"},"modified":"2025-10-07T16:54:30","modified_gmt":"2025-10-07T14:54:30","slug":"15-pazdziernika-urodziny-kubusia-puchatka","status":"publish","type":"post","link":"https:\/\/przedszkole62.edu.wroclaw.pl\/index.php\/2025\/10\/07\/15-pazdziernika-urodziny-kubusia-puchatka\/","title":{"rendered":"15 pa\u017adziernika &#8222;URODZINY KUBUSIA PUCHATKA&#8221;"},"content":{"rendered":"<p style=\"text-align: center\"><strong>Drodzy Rodzice, Kochane Dzieci!!!<\/strong><\/p>\n<p style=\"text-align: center\">Nawi\u0105zuj\u0105c do nazwy naszego przedszkola &#8222;Stumilowy Las&#8221; &#8230;<span style=\"color: #ff0000\">15 pa\u017adziernika<\/span> b\u0119dziemy obchodzi\u0107<\/p>\n<p style=\"text-align: center\"><strong><span style=\"color: #ff0000\">&#8222;URODZINY KUBUSIA PUCHATKA&#8221;<\/span><\/strong> <span style=\"color: #ff0000\">\ud83d\ude42<\/span><\/p>\n<p style=\"text-align: center\">Z tej okazji mile widziane ubrania z motywem Kubusia Puchatka, pluszaki Kubu\u015b Puchatek oraz ksi\u0105\u017ceczki o Kubusiu Puchatku.<\/p>\n<p>&nbsp;<\/p>\n<p style=\"text-align: center\">Ps. Na dzieci czeka w tym dniu wiele atrakcji!!!<\/p>\n<p><img loading=\"lazy\" decoding=\"async\" class=\"size-medium wp-image-5207 aligncenter\" src=\"https:\/\/przedszkole62.edu.wroclaw.pl\/wp-content\/uploads\/sites\/26\/2025\/10\/1709512785-300x188.jpg\" alt=\"\" width=\"300\" height=\"188\" srcset=\"https:\/\/przedszkole62.edu.wroclaw.pl\/wp-content\/uploads\/sites\/26\/2025\/10\/1709512785-300x188.jpg 300w, https:\/\/przedszkole62.edu.wroclaw.pl\/wp-content\/uploads\/sites\/26\/2025\/10\/1709512785.jpg 550w\" sizes=\"auto, (max-width: 300px) 100vw, 300px\" \/><\/p>\n","protected":false},"excerpt":{"rendered":"<p>Drodzy Rodzice, Kochane Dzieci!!! Nawi\u0105zuj\u0105c do nazwy naszego przedszkola &#8222;Stumilowy Las&#8221; &#8230;15 pa\u017adziernika b\u0119dziemy obchodzi\u0107 &#8222;URODZINY KUBUSIA PUCHATKA&#8221; \ud83d\ude42 Z tej okazji mile widziane ubrania z motywem Kubusia Puchatka, pluszaki [&hellip;]<\/p>\n","protected":false},"author":450,"featured_media":0,"comment_status":"closed","ping_status":"closed","sticky":false,"template":"","format":"standard","meta":{"ngg_post_thumbnail":0,"footnotes":""},"categories":[7],"tags":[],"class_list":["post-5205","post","type-post","status-publish","format-standard","hentry","category-aktualnosci","clearfix"],"_links":{"self":[{"href":"https:\/\/przedszkole62.edu.wroclaw.pl\/index.php\/wp-json\/wp\/v2\/posts\/5205","targetHints":{"allow":["GET"]}}],"collection":[{"href":"https:\/\/przedszkole62.edu.wroclaw.pl\/index.php\/wp-json\/wp\/v2\/posts"}],"about":[{"href":"https:\/\/przedszkole62.edu.wroclaw.pl\/index.php\/wp-json\/wp\/v2\/types\/post"}],"author":[{"embeddable":true,"href":"https:\/\/przedszkole62.edu.wroclaw.pl\/index.php\/wp-json\/wp\/v2\/users\/450"}],"replies":[{"embeddable":true,"href":"https:\/\/przedszkole62.edu.wroclaw.pl\/index.php\/wp-json\/wp\/v2\/comments?post=5205"}],"version-history":[{"count":4,"href":"https:\/\/przedszkole62.edu.wroclaw.pl\/index.php\/wp-json\/wp\/v2\/posts\/5205\/revisions"}],"predecessor-version":[{"id":5210,"href":"https:\/\/przedszkole62.edu.wroclaw.pl\/index.php\/wp-json\/wp\/v2\/posts\/5205\/revisions\/5210"}],"wp:attachment":[{"href":"https:\/\/przedszkole62.edu.wroclaw.pl\/index.php\/wp-json\/wp\/v2\/media?parent=5205"}],"wp:term":[{"taxonomy":"category","embeddable":true,"href":"https:\/\/przedszkole62.edu.wroclaw.pl\/index.php\/wp-json\/wp\/v2\/categories?post=5205"},{"taxonomy":"post_tag","embeddable":true,"href":"https:\/\/przedszkole62.edu.wroclaw.pl\/index.php\/wp-json\/wp\/v2\/tags?post=5205"}],"curies":[{"name":"wp","href":"https:\/\/api.w.org\/{rel}","templated":true}]}}