
{"id":5356,"date":"2025-10-18T20:26:34","date_gmt":"2025-10-18T18:26:34","guid":{"rendered":"https:\/\/przedszkole62.edu.wroclaw.pl\/?p=5356"},"modified":"2025-10-18T20:26:34","modified_gmt":"2025-10-18T18:26:34","slug":"konkurs-plastyczny-z-okazji-dnia-dyni-31-pazdziernika","status":"publish","type":"post","link":"https:\/\/przedszkole62.edu.wroclaw.pl\/index.php\/2025\/10\/18\/konkurs-plastyczny-z-okazji-dnia-dyni-31-pazdziernika\/","title":{"rendered":"KONKURS PLASTYCZNY z okazji Dnia Dyni &#8211; 31 pa\u017adziernika!!!"},"content":{"rendered":"<p style=\"text-align: center\">Drodzy Rodzice, Kochane Dzieci zapraszamy Was do udzia\u0142u w K<strong>onkursie plastycznym<\/strong> na najciekawsz\u0105 <strong>&#8222;Bajkow\u0105 Dyni\u0119&#8221;!!!<\/strong><\/p>\n<p style=\"text-align: center\">Prace prosimy przynosi\u0107 <span style=\"color: #ff0000\">30 pa\u017adziernika<\/span> \ud83d\ude42<\/p>\n<p style=\"text-align: center\"><span style=\"color: #ff6600\"><strong>31 pa\u017adziernika ubieramy si\u0119 na POMARA\u0143CZOWO!!!<\/strong><\/span><\/p>\n<p style=\"text-align: center\">Szczeg\u00f3\u0142y na plakacie w holu przedszkola \ud83d\ude42<\/p>\n<p><img loading=\"lazy\" decoding=\"async\" class=\"size-medium wp-image-5355 aligncenter\" src=\"https:\/\/przedszkole62.edu.wroclaw.pl\/wp-content\/uploads\/sites\/26\/2025\/10\/wystawa-dyniowa-zdjecie-169x300.jpg\" alt=\"\" width=\"169\" height=\"300\" srcset=\"https:\/\/przedszkole62.edu.wroclaw.pl\/wp-content\/uploads\/sites\/26\/2025\/10\/wystawa-dyniowa-zdjecie-169x300.jpg 169w, https:\/\/przedszkole62.edu.wroclaw.pl\/wp-content\/uploads\/sites\/26\/2025\/10\/wystawa-dyniowa-zdjecie-576x1024.jpg 576w, https:\/\/przedszkole62.edu.wroclaw.pl\/wp-content\/uploads\/sites\/26\/2025\/10\/wystawa-dyniowa-zdjecie-768x1365.jpg 768w, https:\/\/przedszkole62.edu.wroclaw.pl\/wp-content\/uploads\/sites\/26\/2025\/10\/wystawa-dyniowa-zdjecie-864x1536.jpg 864w, https:\/\/przedszkole62.edu.wroclaw.pl\/wp-content\/uploads\/sites\/26\/2025\/10\/wystawa-dyniowa-zdjecie-1152x2048.jpg 1152w, https:\/\/przedszkole62.edu.wroclaw.pl\/wp-content\/uploads\/sites\/26\/2025\/10\/wystawa-dyniowa-zdjecie-scaled.jpg 1440w\" sizes=\"auto, (max-width: 169px) 100vw, 169px\" \/><\/p>\n","protected":false},"excerpt":{"rendered":"<p>Drodzy Rodzice, Kochane Dzieci zapraszamy Was do udzia\u0142u w Konkursie plastycznym na najciekawsz\u0105 &#8222;Bajkow\u0105 Dyni\u0119&#8221;!!! Prace prosimy przynosi\u0107 30 pa\u017adziernika \ud83d\ude42 31 pa\u017adziernika ubieramy si\u0119 na POMARA\u0143CZOWO!!! Szczeg\u00f3\u0142y na plakacie [&hellip;]<\/p>\n","protected":false},"author":450,"featured_media":0,"comment_status":"closed","ping_status":"closed","sticky":false,"template":"","format":"standard","meta":{"ngg_post_thumbnail":0,"footnotes":""},"categories":[7],"tags":[],"class_list":["post-5356","post","type-post","status-publish","format-standard","hentry","category-aktualnosci","clearfix"],"_links":{"self":[{"href":"https:\/\/przedszkole62.edu.wroclaw.pl\/index.php\/wp-json\/wp\/v2\/posts\/5356","targetHints":{"allow":["GET"]}}],"collection":[{"href":"https:\/\/przedszkole62.edu.wroclaw.pl\/index.php\/wp-json\/wp\/v2\/posts"}],"about":[{"href":"https:\/\/przedszkole62.edu.wroclaw.pl\/index.php\/wp-json\/wp\/v2\/types\/post"}],"author":[{"embeddable":true,"href":"https:\/\/przedszkole62.edu.wroclaw.pl\/index.php\/wp-json\/wp\/v2\/users\/450"}],"replies":[{"embeddable":true,"href":"https:\/\/przedszkole62.edu.wroclaw.pl\/index.php\/wp-json\/wp\/v2\/comments?post=5356"}],"version-history":[{"count":1,"href":"https:\/\/przedszkole62.edu.wroclaw.pl\/index.php\/wp-json\/wp\/v2\/posts\/5356\/revisions"}],"predecessor-version":[{"id":5357,"href":"https:\/\/przedszkole62.edu.wroclaw.pl\/index.php\/wp-json\/wp\/v2\/posts\/5356\/revisions\/5357"}],"wp:attachment":[{"href":"https:\/\/przedszkole62.edu.wroclaw.pl\/index.php\/wp-json\/wp\/v2\/media?parent=5356"}],"wp:term":[{"taxonomy":"category","embeddable":true,"href":"https:\/\/przedszkole62.edu.wroclaw.pl\/index.php\/wp-json\/wp\/v2\/categories?post=5356"},{"taxonomy":"post_tag","embeddable":true,"href":"https:\/\/przedszkole62.edu.wroclaw.pl\/index.php\/wp-json\/wp\/v2\/tags?post=5356"}],"curies":[{"name":"wp","href":"https:\/\/api.w.org\/{rel}","templated":true}]}}