
{"id":5467,"date":"2025-11-07T17:13:34","date_gmt":"2025-11-07T16:13:34","guid":{"rendered":"https:\/\/przedszkole62.edu.wroclaw.pl\/?p=5467"},"modified":"2025-11-07T17:13:34","modified_gmt":"2025-11-07T16:13:34","slug":"udzial-w-akcji-men-szkola-do-hymnu-7-listopada","status":"publish","type":"post","link":"https:\/\/przedszkole62.edu.wroclaw.pl\/index.php\/2025\/11\/07\/udzial-w-akcji-men-szkola-do-hymnu-7-listopada\/","title":{"rendered":"Udzia\u0142 w akcji MEN &#8222;Szko\u0142a do hymnu&#8221; 7 listopada"},"content":{"rendered":"<p style=\"text-align: center\"><strong>Drodzy Rodzice,<\/strong><\/p>\n<p style=\"text-align: center\">mi\u0142o nam poinformowa\u0107, i\u017c <span style=\"color: #ff0000\"><strong>7 listopada<\/strong><\/span> Nasze Przedszkole przy\u0142\u0105czy\u0142o si\u0119 do <strong>akcji MEN<\/strong> <span style=\"color: #ff0000\"><strong>&#8222;Szko\u0142a do hymnu&#8221;<\/strong><\/span>.<\/p>\n<p style=\"text-align: center\">Ca\u0142a spo\u0142eczno\u015b\u0107 przedszkolna od\u015bpiewa\u0142a <span style=\"color: #ff0000\">&#8222;Mazurka D\u0105browskiego&#8221;<\/span> o symbolicznej <span style=\"color: #ff0000\">godz.11:11<\/span>.<\/p>\n<p style=\"text-align: center\">Podczas uroczysto\u015bci dzieci zaprezentowa\u0142y piosenki, ta\u0144ce oraz wiersze patriotyczne.<\/p>\n<p>&nbsp;<\/p>\n<p>Ps. DZI\u0118KUJEMY za przygotowanie dzieciom galowego stroju \ud83d\ude42<\/p>\n<p><img loading=\"lazy\" decoding=\"async\" class=\"size-medium wp-image-5427 aligncenter\" src=\"https:\/\/przedszkole62.edu.wroclaw.pl\/wp-content\/uploads\/sites\/26\/2025\/11\/szkola-do-hymnu-300x200.jpg\" alt=\"\" width=\"300\" height=\"200\" srcset=\"https:\/\/przedszkole62.edu.wroclaw.pl\/wp-content\/uploads\/sites\/26\/2025\/11\/szkola-do-hymnu-300x200.jpg 300w, https:\/\/przedszkole62.edu.wroclaw.pl\/wp-content\/uploads\/sites\/26\/2025\/11\/szkola-do-hymnu-1024x683.jpg 1024w, https:\/\/przedszkole62.edu.wroclaw.pl\/wp-content\/uploads\/sites\/26\/2025\/11\/szkola-do-hymnu-768x512.jpg 768w, https:\/\/przedszkole62.edu.wroclaw.pl\/wp-content\/uploads\/sites\/26\/2025\/11\/szkola-do-hymnu.jpg 1200w\" sizes=\"auto, (max-width: 300px) 100vw, 300px\" \/><\/p>\n","protected":false},"excerpt":{"rendered":"<p>Drodzy Rodzice, mi\u0142o nam poinformowa\u0107, i\u017c 7 listopada Nasze Przedszkole przy\u0142\u0105czy\u0142o si\u0119 do akcji MEN &#8222;Szko\u0142a do hymnu&#8221;. Ca\u0142a spo\u0142eczno\u015b\u0107 przedszkolna od\u015bpiewa\u0142a &#8222;Mazurka D\u0105browskiego&#8221; o symbolicznej godz.11:11. Podczas uroczysto\u015bci dzieci [&hellip;]<\/p>\n","protected":false},"author":450,"featured_media":0,"comment_status":"closed","ping_status":"closed","sticky":false,"template":"","format":"standard","meta":{"ngg_post_thumbnail":0,"footnotes":""},"categories":[7],"tags":[],"class_list":["post-5467","post","type-post","status-publish","format-standard","hentry","category-aktualnosci","clearfix"],"_links":{"self":[{"href":"https:\/\/przedszkole62.edu.wroclaw.pl\/index.php\/wp-json\/wp\/v2\/posts\/5467","targetHints":{"allow":["GET"]}}],"collection":[{"href":"https:\/\/przedszkole62.edu.wroclaw.pl\/index.php\/wp-json\/wp\/v2\/posts"}],"about":[{"href":"https:\/\/przedszkole62.edu.wroclaw.pl\/index.php\/wp-json\/wp\/v2\/types\/post"}],"author":[{"embeddable":true,"href":"https:\/\/przedszkole62.edu.wroclaw.pl\/index.php\/wp-json\/wp\/v2\/users\/450"}],"replies":[{"embeddable":true,"href":"https:\/\/przedszkole62.edu.wroclaw.pl\/index.php\/wp-json\/wp\/v2\/comments?post=5467"}],"version-history":[{"count":1,"href":"https:\/\/przedszkole62.edu.wroclaw.pl\/index.php\/wp-json\/wp\/v2\/posts\/5467\/revisions"}],"predecessor-version":[{"id":5468,"href":"https:\/\/przedszkole62.edu.wroclaw.pl\/index.php\/wp-json\/wp\/v2\/posts\/5467\/revisions\/5468"}],"wp:attachment":[{"href":"https:\/\/przedszkole62.edu.wroclaw.pl\/index.php\/wp-json\/wp\/v2\/media?parent=5467"}],"wp:term":[{"taxonomy":"category","embeddable":true,"href":"https:\/\/przedszkole62.edu.wroclaw.pl\/index.php\/wp-json\/wp\/v2\/categories?post=5467"},{"taxonomy":"post_tag","embeddable":true,"href":"https:\/\/przedszkole62.edu.wroclaw.pl\/index.php\/wp-json\/wp\/v2\/tags?post=5467"}],"curies":[{"name":"wp","href":"https:\/\/api.w.org\/{rel}","templated":true}]}}