
{"id":5520,"date":"2025-11-18T16:19:26","date_gmt":"2025-11-18T15:19:26","guid":{"rendered":"https:\/\/przedszkole62.edu.wroclaw.pl\/?p=5520"},"modified":"2025-11-18T16:19:26","modified_gmt":"2025-11-18T15:19:26","slug":"zaproszenie-do-jesiennej-rodzinnej-wystawy-plastycznej-jesien-dookola-nas","status":"publish","type":"post","link":"https:\/\/przedszkole62.edu.wroclaw.pl\/index.php\/2025\/11\/18\/zaproszenie-do-jesiennej-rodzinnej-wystawy-plastycznej-jesien-dookola-nas\/","title":{"rendered":"Zaproszenie do Jesiennej Rodzinnej Wystawy Plastycznej &#8222;JESIE\u0143 DOOKO\u0141A NAS&#8221;"},"content":{"rendered":"<p style=\"text-align: center\"><strong>Drodzy Rodzice, Kochane Dzieci!<\/strong><\/p>\n<p style=\"text-align: center\">Zapraszamy Was do udzia\u0142u w <span style=\"color: #800000\">Jesiennej Rodzinnej Wystawie Plastycznej<\/span> <strong><span style=\"color: #ff9900\">&#8222;JESIE\u0143 DOOKO\u0141A NAS&#8221;<\/span><\/strong> \ud83d\ude42<\/p>\n<p style=\"text-align: center\"><strong>Co trzeba zrobi\u0107?<\/strong><\/p>\n<p style=\"text-align: center\">Rodzicu wsp\u00f3lnie z dzieckiem przygotujcie prac\u0119 plastyczn\u0105 (p\u0142ask\u0105 lub przestrzenn\u0105, format dowolny) zgodnie z tematem wystawy, podpiszcie swoj\u0105 prac\u0119 i przynie\u015bcie j\u0105 do gr.1 \ud83d\ude42<\/p>\n<p style=\"text-align: center\"><strong>Do kiedy?<\/strong><\/p>\n<p style=\"text-align: center\">Prace prosimy przynosi\u0107 do dnia<\/p>\n<p style=\"text-align: center\"><strong><span style=\"color: #ff0000\">25.11.2025 r.<\/span><\/strong><\/p>\n<p style=\"text-align: center\"><img loading=\"lazy\" decoding=\"async\" class=\"alignnone size-medium wp-image-5519\" src=\"https:\/\/przedszkole62.edu.wroclaw.pl\/wp-content\/uploads\/sites\/26\/2025\/11\/wystawa-169x300.jpg\" alt=\"\" width=\"169\" height=\"300\" srcset=\"https:\/\/przedszkole62.edu.wroclaw.pl\/wp-content\/uploads\/sites\/26\/2025\/11\/wystawa-169x300.jpg 169w, https:\/\/przedszkole62.edu.wroclaw.pl\/wp-content\/uploads\/sites\/26\/2025\/11\/wystawa-576x1024.jpg 576w, https:\/\/przedszkole62.edu.wroclaw.pl\/wp-content\/uploads\/sites\/26\/2025\/11\/wystawa-768x1365.jpg 768w, https:\/\/przedszkole62.edu.wroclaw.pl\/wp-content\/uploads\/sites\/26\/2025\/11\/wystawa-864x1536.jpg 864w, https:\/\/przedszkole62.edu.wroclaw.pl\/wp-content\/uploads\/sites\/26\/2025\/11\/wystawa-1152x2048.jpg 1152w, https:\/\/przedszkole62.edu.wroclaw.pl\/wp-content\/uploads\/sites\/26\/2025\/11\/wystawa-scaled.jpg 1440w\" sizes=\"auto, (max-width: 169px) 100vw, 169px\" \/><\/p>\n","protected":false},"excerpt":{"rendered":"<p>Drodzy Rodzice, Kochane Dzieci! Zapraszamy Was do udzia\u0142u w Jesiennej Rodzinnej Wystawie Plastycznej &#8222;JESIE\u0143 DOOKO\u0141A NAS&#8221; \ud83d\ude42 Co trzeba zrobi\u0107? Rodzicu wsp\u00f3lnie z dzieckiem przygotujcie prac\u0119 plastyczn\u0105 (p\u0142ask\u0105 lub przestrzenn\u0105, [&hellip;]<\/p>\n","protected":false},"author":450,"featured_media":0,"comment_status":"closed","ping_status":"closed","sticky":false,"template":"","format":"standard","meta":{"ngg_post_thumbnail":0,"footnotes":""},"categories":[7],"tags":[],"class_list":["post-5520","post","type-post","status-publish","format-standard","hentry","category-aktualnosci","clearfix"],"_links":{"self":[{"href":"https:\/\/przedszkole62.edu.wroclaw.pl\/index.php\/wp-json\/wp\/v2\/posts\/5520","targetHints":{"allow":["GET"]}}],"collection":[{"href":"https:\/\/przedszkole62.edu.wroclaw.pl\/index.php\/wp-json\/wp\/v2\/posts"}],"about":[{"href":"https:\/\/przedszkole62.edu.wroclaw.pl\/index.php\/wp-json\/wp\/v2\/types\/post"}],"author":[{"embeddable":true,"href":"https:\/\/przedszkole62.edu.wroclaw.pl\/index.php\/wp-json\/wp\/v2\/users\/450"}],"replies":[{"embeddable":true,"href":"https:\/\/przedszkole62.edu.wroclaw.pl\/index.php\/wp-json\/wp\/v2\/comments?post=5520"}],"version-history":[{"count":1,"href":"https:\/\/przedszkole62.edu.wroclaw.pl\/index.php\/wp-json\/wp\/v2\/posts\/5520\/revisions"}],"predecessor-version":[{"id":5521,"href":"https:\/\/przedszkole62.edu.wroclaw.pl\/index.php\/wp-json\/wp\/v2\/posts\/5520\/revisions\/5521"}],"wp:attachment":[{"href":"https:\/\/przedszkole62.edu.wroclaw.pl\/index.php\/wp-json\/wp\/v2\/media?parent=5520"}],"wp:term":[{"taxonomy":"category","embeddable":true,"href":"https:\/\/przedszkole62.edu.wroclaw.pl\/index.php\/wp-json\/wp\/v2\/categories?post=5520"},{"taxonomy":"post_tag","embeddable":true,"href":"https:\/\/przedszkole62.edu.wroclaw.pl\/index.php\/wp-json\/wp\/v2\/tags?post=5520"}],"curies":[{"name":"wp","href":"https:\/\/api.w.org\/{rel}","templated":true}]}}