
{"id":5647,"date":"2025-12-09T09:13:04","date_gmt":"2025-12-09T08:13:04","guid":{"rendered":"https:\/\/przedszkole62.edu.wroclaw.pl\/?p=5647"},"modified":"2025-12-09T09:13:04","modified_gmt":"2025-12-09T08:13:04","slug":"18-grudnia-wigilia-i-koncert-bozonarodzeniowy","status":"publish","type":"post","link":"https:\/\/przedszkole62.edu.wroclaw.pl\/index.php\/2025\/12\/09\/18-grudnia-wigilia-i-koncert-bozonarodzeniowy\/","title":{"rendered":"18 grudnia Wigilia i Koncert Bo\u017conarodzeniowy"},"content":{"rendered":"<p style=\"text-align: center\"><strong>Drodzy Rodzice, Kochane Dzieci!<\/strong><\/p>\n<p style=\"text-align: center\">W dniu <span style=\"color: #ff0000\"><strong>18 grudnia 2025 <\/strong><\/span>r. odb\u0119dzie si\u0119 w naszym przedszkolu<\/p>\n<p style=\"text-align: center\"><span style=\"color: #ff0000\"><strong><em>Wigilia<\/em><\/strong><\/span> wraz z <em><span style=\"color: #ff0000\"><strong>Koncertem Bo\u017conarodzeniowym<\/strong><\/span><\/em><\/p>\n<p style=\"text-align: center\">dla dzieci i pracownik\u00f3w przedszkola.<\/p>\n<p>&nbsp;<\/p>\n<p style=\"text-align: center\"><strong>Prosimy o przygotowanie stroju galowego dla dzieci.<\/strong><\/p>\n<p style=\"text-align: center\"><img loading=\"lazy\" decoding=\"async\" class=\"alignnone  wp-image-5646\" src=\"https:\/\/przedszkole62.edu.wroclaw.pl\/wp-content\/uploads\/sites\/26\/2025\/12\/wigilia-obrazek-300x168.jpg\" alt=\"\" width=\"373\" height=\"209\" srcset=\"https:\/\/przedszkole62.edu.wroclaw.pl\/wp-content\/uploads\/sites\/26\/2025\/12\/wigilia-obrazek-300x168.jpg 300w, https:\/\/przedszkole62.edu.wroclaw.pl\/wp-content\/uploads\/sites\/26\/2025\/12\/wigilia-obrazek.jpg 625w\" sizes=\"auto, (max-width: 373px) 100vw, 373px\" \/><\/p>\n","protected":false},"excerpt":{"rendered":"<p>Drodzy Rodzice, Kochane Dzieci! W dniu 18 grudnia 2025 r. odb\u0119dzie si\u0119 w naszym przedszkolu Wigilia wraz z Koncertem Bo\u017conarodzeniowym dla dzieci i pracownik\u00f3w przedszkola. &nbsp; Prosimy o przygotowanie stroju [&hellip;]<\/p>\n","protected":false},"author":450,"featured_media":0,"comment_status":"closed","ping_status":"closed","sticky":false,"template":"","format":"standard","meta":{"ngg_post_thumbnail":0,"footnotes":""},"categories":[7],"tags":[],"class_list":["post-5647","post","type-post","status-publish","format-standard","hentry","category-aktualnosci","clearfix"],"_links":{"self":[{"href":"https:\/\/przedszkole62.edu.wroclaw.pl\/index.php\/wp-json\/wp\/v2\/posts\/5647","targetHints":{"allow":["GET"]}}],"collection":[{"href":"https:\/\/przedszkole62.edu.wroclaw.pl\/index.php\/wp-json\/wp\/v2\/posts"}],"about":[{"href":"https:\/\/przedszkole62.edu.wroclaw.pl\/index.php\/wp-json\/wp\/v2\/types\/post"}],"author":[{"embeddable":true,"href":"https:\/\/przedszkole62.edu.wroclaw.pl\/index.php\/wp-json\/wp\/v2\/users\/450"}],"replies":[{"embeddable":true,"href":"https:\/\/przedszkole62.edu.wroclaw.pl\/index.php\/wp-json\/wp\/v2\/comments?post=5647"}],"version-history":[{"count":1,"href":"https:\/\/przedszkole62.edu.wroclaw.pl\/index.php\/wp-json\/wp\/v2\/posts\/5647\/revisions"}],"predecessor-version":[{"id":5648,"href":"https:\/\/przedszkole62.edu.wroclaw.pl\/index.php\/wp-json\/wp\/v2\/posts\/5647\/revisions\/5648"}],"wp:attachment":[{"href":"https:\/\/przedszkole62.edu.wroclaw.pl\/index.php\/wp-json\/wp\/v2\/media?parent=5647"}],"wp:term":[{"taxonomy":"category","embeddable":true,"href":"https:\/\/przedszkole62.edu.wroclaw.pl\/index.php\/wp-json\/wp\/v2\/categories?post=5647"},{"taxonomy":"post_tag","embeddable":true,"href":"https:\/\/przedszkole62.edu.wroclaw.pl\/index.php\/wp-json\/wp\/v2\/tags?post=5647"}],"curies":[{"name":"wp","href":"https:\/\/api.w.org\/{rel}","templated":true}]}}