
{"id":5683,"date":"2025-12-15T22:51:47","date_gmt":"2025-12-15T21:51:47","guid":{"rendered":"https:\/\/przedszkole62.edu.wroclaw.pl\/?p=5683"},"modified":"2025-12-15T22:51:47","modified_gmt":"2025-12-15T21:51:47","slug":"udzial-w-xxvi-edycji-akcji-gora-grosza","status":"publish","type":"post","link":"https:\/\/przedszkole62.edu.wroclaw.pl\/index.php\/2025\/12\/15\/udzial-w-xxvi-edycji-akcji-gora-grosza\/","title":{"rendered":"Udzia\u0142 w XXVI Edycji Akcji G\u00f3ra Grosza!!!"},"content":{"rendered":"<p style=\"text-align: center\"><strong>Kochani<\/strong>, mi\u0142o nam poinformowa\u0107, i\u017c nasze przedszkole bierze udzia\u0142\u00a0 w <strong><span style=\"color: #ff0000\">XXVI Edycji Akcji &#8222;G\u00f3ra Grosza&#8221;<\/span><\/strong>!!!<\/p>\n<p style=\"text-align: center\">Serdecznie zapraszamy do aktywnego przy\u0142\u0105czenia si\u0119 do akcji.<\/p>\n<p style=\"text-align: center\">Celem akcji jest pomoc dzieciom, kt\u00f3re nie wychowuj\u0105 si\u0119 w swoich rodzinach.<\/p>\n<p style=\"text-align: center\">Do <span style=\"color: #ff0000\">31 marca<\/span> zbieramy <span style=\"color: #ff0000\">monety groszowe<\/span> &#8211; ka\u017cdy najmniejszy grosz ma ogromne znaczenie!<\/p>\n<p style=\"text-align: center\"><strong><span style=\"color: #ff0000\">Zr\u00f3bmy razem co\u015b dobrego &#8211; z ma\u0142ych monet budujemy wielk\u0105 G\u00f3r\u0119 Dobra \ud83d\ude42<\/span><\/strong><\/p>\n<p>&nbsp;<\/p>\n<p style=\"text-align: center\">Ps. Przy wej\u015bciu do przedszkola znajduje si\u0119 puszka na monety groszowe \ud83d\ude42<\/p>\n<p><img loading=\"lazy\" decoding=\"async\" class=\"alignnone  wp-image-5682 aligncenter\" src=\"https:\/\/przedszkole62.edu.wroclaw.pl\/wp-content\/uploads\/sites\/26\/2025\/12\/gora-grsza-300x143.png\" alt=\"\" width=\"537\" height=\"256\" srcset=\"https:\/\/przedszkole62.edu.wroclaw.pl\/wp-content\/uploads\/sites\/26\/2025\/12\/gora-grsza-300x143.png 300w, https:\/\/przedszkole62.edu.wroclaw.pl\/wp-content\/uploads\/sites\/26\/2025\/12\/gora-grsza-1024x488.png 1024w, https:\/\/przedszkole62.edu.wroclaw.pl\/wp-content\/uploads\/sites\/26\/2025\/12\/gora-grsza-768x366.png 768w, https:\/\/przedszkole62.edu.wroclaw.pl\/wp-content\/uploads\/sites\/26\/2025\/12\/gora-grsza.png 1114w\" sizes=\"auto, (max-width: 537px) 100vw, 537px\" \/><\/p>\n","protected":false},"excerpt":{"rendered":"<p>Kochani, mi\u0142o nam poinformowa\u0107, i\u017c nasze przedszkole bierze udzia\u0142\u00a0 w XXVI Edycji Akcji &#8222;G\u00f3ra Grosza&#8221;!!! Serdecznie zapraszamy do aktywnego przy\u0142\u0105czenia si\u0119 do akcji. Celem akcji jest pomoc dzieciom, kt\u00f3re nie [&hellip;]<\/p>\n","protected":false},"author":450,"featured_media":0,"comment_status":"closed","ping_status":"closed","sticky":false,"template":"","format":"standard","meta":{"ngg_post_thumbnail":0,"footnotes":""},"categories":[7],"tags":[],"class_list":["post-5683","post","type-post","status-publish","format-standard","hentry","category-aktualnosci","clearfix"],"_links":{"self":[{"href":"https:\/\/przedszkole62.edu.wroclaw.pl\/index.php\/wp-json\/wp\/v2\/posts\/5683","targetHints":{"allow":["GET"]}}],"collection":[{"href":"https:\/\/przedszkole62.edu.wroclaw.pl\/index.php\/wp-json\/wp\/v2\/posts"}],"about":[{"href":"https:\/\/przedszkole62.edu.wroclaw.pl\/index.php\/wp-json\/wp\/v2\/types\/post"}],"author":[{"embeddable":true,"href":"https:\/\/przedszkole62.edu.wroclaw.pl\/index.php\/wp-json\/wp\/v2\/users\/450"}],"replies":[{"embeddable":true,"href":"https:\/\/przedszkole62.edu.wroclaw.pl\/index.php\/wp-json\/wp\/v2\/comments?post=5683"}],"version-history":[{"count":1,"href":"https:\/\/przedszkole62.edu.wroclaw.pl\/index.php\/wp-json\/wp\/v2\/posts\/5683\/revisions"}],"predecessor-version":[{"id":5684,"href":"https:\/\/przedszkole62.edu.wroclaw.pl\/index.php\/wp-json\/wp\/v2\/posts\/5683\/revisions\/5684"}],"wp:attachment":[{"href":"https:\/\/przedszkole62.edu.wroclaw.pl\/index.php\/wp-json\/wp\/v2\/media?parent=5683"}],"wp:term":[{"taxonomy":"category","embeddable":true,"href":"https:\/\/przedszkole62.edu.wroclaw.pl\/index.php\/wp-json\/wp\/v2\/categories?post=5683"},{"taxonomy":"post_tag","embeddable":true,"href":"https:\/\/przedszkole62.edu.wroclaw.pl\/index.php\/wp-json\/wp\/v2\/tags?post=5683"}],"curies":[{"name":"wp","href":"https:\/\/api.w.org\/{rel}","templated":true}]}}