
{"id":5776,"date":"2026-01-11T10:55:11","date_gmt":"2026-01-11T09:55:11","guid":{"rendered":"https:\/\/przedszkole62.edu.wroclaw.pl\/?p=5776"},"modified":"2026-01-11T10:57:33","modified_gmt":"2026-01-11T09:57:33","slug":"zdalny-psycholog-zaproszenie-na-pierwsza-sesje-w-2026-roku","status":"publish","type":"post","link":"https:\/\/przedszkole62.edu.wroclaw.pl\/index.php\/2026\/01\/11\/zdalny-psycholog-zaproszenie-na-pierwsza-sesje-w-2026-roku\/","title":{"rendered":"Zdalny Psycholog &#8211; zaproszenie na pierwsz\u0105 Live Sesj\u0119 w 2026 roku!!!"},"content":{"rendered":"<div>\n<p><span data-ogsc=\"black\" data-olk-copy-source=\"MessageBody\">Drodzy Rodzice, <\/span>w najbli\u017cszy wtorek odb\u0119dzie si\u0119 pierwsza w tym roku Live Sesja w ramach projektu Wellbefi\u00a0Zdalny Psycholog przeznaczona dla rodzic\u00f3w przedszkolak\u00f3w.<\/p>\n<div>\n<p><i><span data-ogsc=\"black\" data-olk-copy-source=\"MessageBody\">&#8222;Na my\u015bl o nadchodz\u0105cych feriach czujesz presj\u0119 i niepok\u00f3j? Zastanawiasz si\u0119, jak zorganizowa\u0107 sensownie zimowy wypoczynek? Zapraszamy na Live Sesj\u0119 w ramach projektu Wellbefi Zdalny Psycholog, kt\u00f3ra pomo\u017ce Ci zaplanowa\u0107 bezpieczne i ciekawe aktywno\u015bci dopasowane do potrzeb emocjonalnych Twojego dziecka. Zapraszamy serdecznie rodzic\u00f3w oraz wychowawc\u00f3w!<\/span><\/i><\/p>\n<p><i><span data-ogsc=\"black\">Temat spotkania: <\/span><\/i><b><i><span data-ogsc=\"black\">Wtorek, 13.01 godz. 17.00 &#8211; Zimowa przerwa bez stresu \u2013 jak zaplanowa\u0107 bezpieczne i tw\u00f3rcze ferie?\u00a0<\/span><\/i><\/b><i><span data-ogsc=\"black\">Jak zaplanowa\u0107 zimowy czas dziecka, aby by\u0142 jednocze\u015bnie bezpieczny, rozwijaj\u0105cy i dopasowany do jego potrzeb emocjonalnych. Proste pomys\u0142y na tw\u00f3rcze aktywno\u015bci oraz sposoby zapobiegania nadmiarowi bod\u017ac\u00f3w.<\/span><\/i><\/p>\n<\/div>\n<div>\n<p>Informujemy r\u00f3wnie\u017c, \u017ce od 12 stycznia\u00a0<b data-ogsc=\"\">bajki terapeutyczne\u00a0<\/b>b\u0119dziemy czyta\u0107 na \u017cywo<b data-ogsc=\"\">\u00a0o godz. 13.00 i 19:00 <\/b>w dni powszednie z my\u015bl\u0105 o dzieciach, kt\u00f3re musia\u0142y zosta\u0107 w domu. <span data-olk-copy-source=\"MessageBody\">Przygotowane specjalnie dla dzieci kr\u00f3tkie opowie\u015bci pomagaj\u0105 dzieciom oswaja\u0107 r\u00f3\u017cne emocje i codzienne sytuacje przez m\u0105dre i zabawne historie. Wsp\u00f3lne s\u0142uchanie to doskona\u0142y pomys\u0142 na wieczorny relaks po dniu pe\u0142nym wra\u017ce\u0144!\u00a0<\/span><\/p>\n<\/div>\n<div>\n<p><i><span data-ogsc=\"black\" data-olk-copy-source=\"MessageBody\">Jak do\u0142\u0105czy\u0107 do sesji lub pos\u0142ucha\u0107 bajki? To proste! Wystarczy o wskazanej godzinie klikn\u0105\u0107 wid\u017cet projektu Wellbefi Zdalny Psycholog na stronie przedszkola. Zach\u0119camy do udzia\u0142u.<\/span><\/i><\/p>\n<\/div>\n<div>\n<p><span data-ogsc=\"black\">\u00a0<\/span><\/p>\n<\/div>\n<\/div>\n","protected":false},"excerpt":{"rendered":"<p>Drodzy Rodzice, w najbli\u017cszy wtorek odb\u0119dzie si\u0119 pierwsza w tym roku Live Sesja w ramach projektu Wellbefi\u00a0Zdalny Psycholog przeznaczona dla rodzic\u00f3w przedszkolak\u00f3w. &#8222;Na my\u015bl o nadchodz\u0105cych feriach czujesz presj\u0119 i [&hellip;]<\/p>\n","protected":false},"author":450,"featured_media":0,"comment_status":"closed","ping_status":"closed","sticky":false,"template":"","format":"standard","meta":{"ngg_post_thumbnail":0,"footnotes":""},"categories":[7],"tags":[],"class_list":["post-5776","post","type-post","status-publish","format-standard","hentry","category-aktualnosci","clearfix"],"_links":{"self":[{"href":"https:\/\/przedszkole62.edu.wroclaw.pl\/index.php\/wp-json\/wp\/v2\/posts\/5776","targetHints":{"allow":["GET"]}}],"collection":[{"href":"https:\/\/przedszkole62.edu.wroclaw.pl\/index.php\/wp-json\/wp\/v2\/posts"}],"about":[{"href":"https:\/\/przedszkole62.edu.wroclaw.pl\/index.php\/wp-json\/wp\/v2\/types\/post"}],"author":[{"embeddable":true,"href":"https:\/\/przedszkole62.edu.wroclaw.pl\/index.php\/wp-json\/wp\/v2\/users\/450"}],"replies":[{"embeddable":true,"href":"https:\/\/przedszkole62.edu.wroclaw.pl\/index.php\/wp-json\/wp\/v2\/comments?post=5776"}],"version-history":[{"count":4,"href":"https:\/\/przedszkole62.edu.wroclaw.pl\/index.php\/wp-json\/wp\/v2\/posts\/5776\/revisions"}],"predecessor-version":[{"id":5780,"href":"https:\/\/przedszkole62.edu.wroclaw.pl\/index.php\/wp-json\/wp\/v2\/posts\/5776\/revisions\/5780"}],"wp:attachment":[{"href":"https:\/\/przedszkole62.edu.wroclaw.pl\/index.php\/wp-json\/wp\/v2\/media?parent=5776"}],"wp:term":[{"taxonomy":"category","embeddable":true,"href":"https:\/\/przedszkole62.edu.wroclaw.pl\/index.php\/wp-json\/wp\/v2\/categories?post=5776"},{"taxonomy":"post_tag","embeddable":true,"href":"https:\/\/przedszkole62.edu.wroclaw.pl\/index.php\/wp-json\/wp\/v2\/tags?post=5776"}],"curies":[{"name":"wp","href":"https:\/\/api.w.org\/{rel}","templated":true}]}}