
{"id":5798,"date":"2026-01-19T09:46:39","date_gmt":"2026-01-19T08:46:39","guid":{"rendered":"https:\/\/przedszkole62.edu.wroclaw.pl\/?p=5798"},"modified":"2026-01-19T09:46:44","modified_gmt":"2026-01-19T08:46:44","slug":"zmiana-terminu-dzien-babci-i-dziadka","status":"publish","type":"post","link":"https:\/\/przedszkole62.edu.wroclaw.pl\/index.php\/2026\/01\/19\/zmiana-terminu-dzien-babci-i-dziadka\/","title":{"rendered":"Zmiana terminu &#8211; Dzie\u0144 Babci i Dziadka!!!"},"content":{"rendered":"<p style=\"text-align: center\">Drodzy Rodzice,<\/p>\n<p style=\"text-align: center\">ze wzgl\u0119du na nisk\u0105 frekwencj\u0119 w\u015br\u00f3d dzieci i personelu oraz w trosce o zdrowie senior\u00f3w przek\u0142adamy <strong><span style=\"color: #ff0000\"><em>Dzie\u0144 Babci i Dziadka<\/em><\/span><\/strong><\/p>\n<p style=\"text-align: center\">na <strong><span style=\"color: #ff0000\">29 stycznia 2026 r.<\/span><\/strong><\/p>\n<p style=\"text-align: center\"><strong><span style=\"color: #ff00ff\">Gr.I, godz. 09:30-10:30<\/span><\/strong><\/p>\n<p style=\"text-align: center\"><span style=\"color: #ff6600\"><strong>Gr.II, godz. 11:30-12:30<\/strong><\/span><\/p>\n<p style=\"text-align: center\"><span style=\"color: #0000ff\"><strong>Gr.III, godz. 10:30-11:30<\/strong><\/span><\/p>\n<p><img loading=\"lazy\" decoding=\"async\" class=\"alignnone wp-image-5767 aligncenter\" src=\"https:\/\/przedszkole62.edu.wroclaw.pl\/wp-content\/uploads\/sites\/26\/2026\/01\/dzien-babci-i-dziadka-obrazek-300x150.jpg\" alt=\"\" width=\"370\" height=\"185\" srcset=\"https:\/\/przedszkole62.edu.wroclaw.pl\/wp-content\/uploads\/sites\/26\/2026\/01\/dzien-babci-i-dziadka-obrazek-300x150.jpg 300w, https:\/\/przedszkole62.edu.wroclaw.pl\/wp-content\/uploads\/sites\/26\/2026\/01\/dzien-babci-i-dziadka-obrazek-768x384.jpg 768w, https:\/\/przedszkole62.edu.wroclaw.pl\/wp-content\/uploads\/sites\/26\/2026\/01\/dzien-babci-i-dziadka-obrazek.jpg 900w\" sizes=\"auto, (max-width: 370px) 100vw, 370px\" \/><\/p>\n","protected":false},"excerpt":{"rendered":"<p>Drodzy Rodzice, ze wzgl\u0119du na nisk\u0105 frekwencj\u0119 w\u015br\u00f3d dzieci i personelu oraz w trosce o zdrowie senior\u00f3w przek\u0142adamy Dzie\u0144 Babci i Dziadka na 29 stycznia 2026 r. Gr.I, godz. 09:30-10:30 [&hellip;]<\/p>\n","protected":false},"author":450,"featured_media":0,"comment_status":"closed","ping_status":"closed","sticky":false,"template":"","format":"standard","meta":{"ngg_post_thumbnail":0,"footnotes":""},"categories":[7],"tags":[],"class_list":["post-5798","post","type-post","status-publish","format-standard","hentry","category-aktualnosci","clearfix"],"_links":{"self":[{"href":"https:\/\/przedszkole62.edu.wroclaw.pl\/index.php\/wp-json\/wp\/v2\/posts\/5798","targetHints":{"allow":["GET"]}}],"collection":[{"href":"https:\/\/przedszkole62.edu.wroclaw.pl\/index.php\/wp-json\/wp\/v2\/posts"}],"about":[{"href":"https:\/\/przedszkole62.edu.wroclaw.pl\/index.php\/wp-json\/wp\/v2\/types\/post"}],"author":[{"embeddable":true,"href":"https:\/\/przedszkole62.edu.wroclaw.pl\/index.php\/wp-json\/wp\/v2\/users\/450"}],"replies":[{"embeddable":true,"href":"https:\/\/przedszkole62.edu.wroclaw.pl\/index.php\/wp-json\/wp\/v2\/comments?post=5798"}],"version-history":[{"count":1,"href":"https:\/\/przedszkole62.edu.wroclaw.pl\/index.php\/wp-json\/wp\/v2\/posts\/5798\/revisions"}],"predecessor-version":[{"id":5799,"href":"https:\/\/przedszkole62.edu.wroclaw.pl\/index.php\/wp-json\/wp\/v2\/posts\/5798\/revisions\/5799"}],"wp:attachment":[{"href":"https:\/\/przedszkole62.edu.wroclaw.pl\/index.php\/wp-json\/wp\/v2\/media?parent=5798"}],"wp:term":[{"taxonomy":"category","embeddable":true,"href":"https:\/\/przedszkole62.edu.wroclaw.pl\/index.php\/wp-json\/wp\/v2\/categories?post=5798"},{"taxonomy":"post_tag","embeddable":true,"href":"https:\/\/przedszkole62.edu.wroclaw.pl\/index.php\/wp-json\/wp\/v2\/tags?post=5798"}],"curies":[{"name":"wp","href":"https:\/\/api.w.org\/{rel}","templated":true}]}}