
{"id":6068,"date":"2026-03-06T16:30:38","date_gmt":"2026-03-06T15:30:38","guid":{"rendered":"https:\/\/przedszkole62.edu.wroclaw.pl\/?p=6068"},"modified":"2026-03-06T16:31:25","modified_gmt":"2026-03-06T15:31:25","slug":"zdalny-psycholog-zaproszenie-na-live-sesje-10-03-2026","status":"publish","type":"post","link":"https:\/\/przedszkole62.edu.wroclaw.pl\/index.php\/2026\/03\/06\/zdalny-psycholog-zaproszenie-na-live-sesje-10-03-2026\/","title":{"rendered":"Zdalny Psycholog &#8211; zaproszenie na Live Sesj\u0119 10.03.2026!!!"},"content":{"rendered":"<div>\n<p><span data-ogsc=\"black\" data-olk-copy-source=\"MessageBody\">Szanowni Pa\u0144stwo,<\/span><\/p>\n<\/div>\n<div>\n<p><span data-ogsc=\"black\">we wtorek odb\u0119dzie si\u0119 kolejna Live Sesja w ramach projektu Wellbefi\u00a0Zdalny Psycholog dla Pa\u0144stwa przedszkola.<\/span><\/p>\n<div>\n<p><i><span data-ogsc=\"black\" data-olk-copy-source=\"MessageBody\">&#8222;Czy wiesz, jakie konsekwencje dla rozwoju dziecka mog\u0105 mie\u0107 rywalizacja, por\u00f3wnania oraz presja? We\u017a udzia\u0142 w Live Sesji w ramach projektu Wellbefi. Dowiesz si\u0119, czym jest naturalna rywalizacja i czym presja r\u00f3\u017cni si\u0119 od zdrowej motywacji do dzia\u0142ania. Zapraszamy rodzic\u00f3w, opiekun\u00f3w i wychowawc\u00f3w.<\/span><\/i><\/p>\n<\/div>\n<div>\n<p><i><span data-ogsc=\"black\">\u00a0<\/span><\/i><\/p>\n<p><i><span data-ogsc=\"black\">Data i temat spotkania:<\/span><\/i><\/p>\n<\/div>\n<div>\n<p><b><i><span data-ogsc=\"black\">Wtorek, 10.03, godz. 17.00 &#8211; Rywalizacja, por\u00f3wnania i presja \u2013 jak wp\u0142ywa na rozw\u00f3j dzieci<\/span><\/i><\/b><\/p>\n<\/div>\n<div>\n<p><i><span data-ogsc=\"black\">Jak m\u0105drze i bez presji wspiera\u0107 dziecko i budowa\u0107 jego pozytywn\u0105 samoocen\u0119. Jak wzmacnia\u0107 wsp\u00f3\u0142prac\u0119 zamiast rywalizacji w codziennych sytuacjach domowych i przedszkolnych.<\/span><\/i><\/p>\n<\/div>\n<div>\n<p>&nbsp;<\/p>\n<p><span data-ogsc=\"black\">\u00a0<\/span><i><span data-ogsc=\"black\">Zapraszamy tak\u017ce do s\u0142uchania Bajek Terapeutycznych! Zabierz przedszkolaka do \u015bwiata, gdzie w przyjazny i zrozumia\u0142y spos\u00f3b pozna r\u00f3\u017cne emocje i sytuacje, co pozwoli mu lepiej radzi\u0107 sobie z codziennymi wyzwaniami. Kiedy? Codziennie (pon.-pt.) o godz. 13.00 i o 19.00.<\/span><\/i><\/p>\n<\/div>\n<div>\n<p><i><span data-ogsc=\"black\">\u00a0<\/span><\/i><\/p>\n<p><i><span data-ogsc=\"black\">Jak do\u0142\u0105czy\u0107 do sesji lub pos\u0142ucha\u0107 bajki? Wystarczy o wskazanej godzinie klikn\u0105\u0107 wid\u017cet projektu Wellbefi Zdalny Psycholog na stronie internetowej przedszkola.<\/span><\/i><\/p>\n<\/div>\n<\/div>\n","protected":false},"excerpt":{"rendered":"<p>Szanowni Pa\u0144stwo, we wtorek odb\u0119dzie si\u0119 kolejna Live Sesja w ramach projektu Wellbefi\u00a0Zdalny Psycholog dla Pa\u0144stwa przedszkola. &#8222;Czy wiesz, jakie konsekwencje dla rozwoju dziecka mog\u0105 mie\u0107 rywalizacja, por\u00f3wnania oraz presja? [&hellip;]<\/p>\n","protected":false},"author":450,"featured_media":0,"comment_status":"closed","ping_status":"closed","sticky":false,"template":"","format":"standard","meta":{"ngg_post_thumbnail":0,"footnotes":""},"categories":[7],"tags":[],"class_list":["post-6068","post","type-post","status-publish","format-standard","hentry","category-aktualnosci","clearfix"],"_links":{"self":[{"href":"https:\/\/przedszkole62.edu.wroclaw.pl\/index.php\/wp-json\/wp\/v2\/posts\/6068","targetHints":{"allow":["GET"]}}],"collection":[{"href":"https:\/\/przedszkole62.edu.wroclaw.pl\/index.php\/wp-json\/wp\/v2\/posts"}],"about":[{"href":"https:\/\/przedszkole62.edu.wroclaw.pl\/index.php\/wp-json\/wp\/v2\/types\/post"}],"author":[{"embeddable":true,"href":"https:\/\/przedszkole62.edu.wroclaw.pl\/index.php\/wp-json\/wp\/v2\/users\/450"}],"replies":[{"embeddable":true,"href":"https:\/\/przedszkole62.edu.wroclaw.pl\/index.php\/wp-json\/wp\/v2\/comments?post=6068"}],"version-history":[{"count":2,"href":"https:\/\/przedszkole62.edu.wroclaw.pl\/index.php\/wp-json\/wp\/v2\/posts\/6068\/revisions"}],"predecessor-version":[{"id":6070,"href":"https:\/\/przedszkole62.edu.wroclaw.pl\/index.php\/wp-json\/wp\/v2\/posts\/6068\/revisions\/6070"}],"wp:attachment":[{"href":"https:\/\/przedszkole62.edu.wroclaw.pl\/index.php\/wp-json\/wp\/v2\/media?parent=6068"}],"wp:term":[{"taxonomy":"category","embeddable":true,"href":"https:\/\/przedszkole62.edu.wroclaw.pl\/index.php\/wp-json\/wp\/v2\/categories?post=6068"},{"taxonomy":"post_tag","embeddable":true,"href":"https:\/\/przedszkole62.edu.wroclaw.pl\/index.php\/wp-json\/wp\/v2\/tags?post=6068"}],"curies":[{"name":"wp","href":"https:\/\/api.w.org\/{rel}","templated":true}]}}