
{"id":6096,"date":"2026-03-08T18:38:40","date_gmt":"2026-03-08T17:38:40","guid":{"rendered":"https:\/\/przedszkole62.edu.wroclaw.pl\/?p=6096"},"modified":"2026-03-08T18:45:18","modified_gmt":"2026-03-08T17:45:18","slug":"zyczenia-z-okazji-dnia-kobiet","status":"publish","type":"post","link":"https:\/\/przedszkole62.edu.wroclaw.pl\/index.php\/2026\/03\/08\/zyczenia-z-okazji-dnia-kobiet\/","title":{"rendered":"\u017byczenia z okazji Dnia Kobiet :-)"},"content":{"rendered":"<p style=\"text-align: center\">Drogie Panie&#8230;ma\u0142e i du\u017ce!<\/p>\n<p style=\"text-align: center\">Z okazji Dnia Kobiet sk\u0142adamy Wam najlepsze \u017cyczenia rado\u015bci, zdrowia, spe\u0142nienia marze\u0144 i u\u015bmiechu na co dzie\u0144!<\/p>\n<p style=\"text-align: right\">Ch\u0142opcy mali i duzi \ud83d\ude42<\/p>\n<p><img loading=\"lazy\" decoding=\"async\" class=\" wp-image-6095 aligncenter\" src=\"https:\/\/przedszkole62.edu.wroclaw.pl\/wp-content\/uploads\/sites\/26\/2026\/03\/Dzien-Kobiet-300x251.jpg\" alt=\"\" width=\"368\" height=\"308\" srcset=\"https:\/\/przedszkole62.edu.wroclaw.pl\/wp-content\/uploads\/sites\/26\/2026\/03\/Dzien-Kobiet-300x251.jpg 300w, https:\/\/przedszkole62.edu.wroclaw.pl\/wp-content\/uploads\/sites\/26\/2026\/03\/Dzien-Kobiet-768x644.jpg 768w, https:\/\/przedszkole62.edu.wroclaw.pl\/wp-content\/uploads\/sites\/26\/2026\/03\/Dzien-Kobiet.jpg 940w\" sizes=\"auto, (max-width: 368px) 100vw, 368px\" \/><\/p>\n","protected":false},"excerpt":{"rendered":"<p>Drogie Panie&#8230;ma\u0142e i du\u017ce! Z okazji Dnia Kobiet sk\u0142adamy Wam najlepsze \u017cyczenia rado\u015bci, zdrowia, spe\u0142nienia marze\u0144 i u\u015bmiechu na co dzie\u0144! Ch\u0142opcy mali i duzi \ud83d\ude42<\/p>\n","protected":false},"author":450,"featured_media":0,"comment_status":"closed","ping_status":"closed","sticky":false,"template":"","format":"standard","meta":{"ngg_post_thumbnail":0,"footnotes":""},"categories":[7],"tags":[],"class_list":["post-6096","post","type-post","status-publish","format-standard","hentry","category-aktualnosci","clearfix"],"_links":{"self":[{"href":"https:\/\/przedszkole62.edu.wroclaw.pl\/index.php\/wp-json\/wp\/v2\/posts\/6096","targetHints":{"allow":["GET"]}}],"collection":[{"href":"https:\/\/przedszkole62.edu.wroclaw.pl\/index.php\/wp-json\/wp\/v2\/posts"}],"about":[{"href":"https:\/\/przedszkole62.edu.wroclaw.pl\/index.php\/wp-json\/wp\/v2\/types\/post"}],"author":[{"embeddable":true,"href":"https:\/\/przedszkole62.edu.wroclaw.pl\/index.php\/wp-json\/wp\/v2\/users\/450"}],"replies":[{"embeddable":true,"href":"https:\/\/przedszkole62.edu.wroclaw.pl\/index.php\/wp-json\/wp\/v2\/comments?post=6096"}],"version-history":[{"count":3,"href":"https:\/\/przedszkole62.edu.wroclaw.pl\/index.php\/wp-json\/wp\/v2\/posts\/6096\/revisions"}],"predecessor-version":[{"id":6099,"href":"https:\/\/przedszkole62.edu.wroclaw.pl\/index.php\/wp-json\/wp\/v2\/posts\/6096\/revisions\/6099"}],"wp:attachment":[{"href":"https:\/\/przedszkole62.edu.wroclaw.pl\/index.php\/wp-json\/wp\/v2\/media?parent=6096"}],"wp:term":[{"taxonomy":"category","embeddable":true,"href":"https:\/\/przedszkole62.edu.wroclaw.pl\/index.php\/wp-json\/wp\/v2\/categories?post=6096"},{"taxonomy":"post_tag","embeddable":true,"href":"https:\/\/przedszkole62.edu.wroclaw.pl\/index.php\/wp-json\/wp\/v2\/tags?post=6096"}],"curies":[{"name":"wp","href":"https:\/\/api.w.org\/{rel}","templated":true}]}}