
{"id":6101,"date":"2026-03-09T17:41:20","date_gmt":"2026-03-09T16:41:20","guid":{"rendered":"https:\/\/przedszkole62.edu.wroclaw.pl\/?p=6101"},"modified":"2026-03-09T17:42:31","modified_gmt":"2026-03-09T16:42:31","slug":"zyczenia-z-okazji-dnia-mezczyzny","status":"publish","type":"post","link":"https:\/\/przedszkole62.edu.wroclaw.pl\/index.php\/2026\/03\/09\/zyczenia-z-okazji-dnia-mezczyzny\/","title":{"rendered":"\u017byczenia z okazji Dnia M\u0119\u017cczyzn :-)"},"content":{"rendered":"<p style=\"text-align: center\">Drodzy Panowie!<\/p>\n<p style=\"text-align: center\">Z okazji Dnia M\u0119\u017cczyzn sk\u0142adamy Wam najlepsze \u017cyczenia rado\u015bci, zdrowia, spe\u0142nienia marze\u0144 i u\u015bmiechu na co dzie\u0144!<\/p>\n<p style=\"text-align: right\">Panie du\u017ce i ma\u0142e \ud83d\ude42<\/p>\n<p style=\"text-align: center\"><img loading=\"lazy\" decoding=\"async\" class=\"alignnone wp-image-6100\" src=\"https:\/\/przedszkole62.edu.wroclaw.pl\/wp-content\/uploads\/sites\/26\/2026\/03\/fajna-kartka-na-dzien-mezczyzn1_1-1080x675-1-300x188.jpg\" alt=\"\" width=\"418\" height=\"262\" srcset=\"https:\/\/przedszkole62.edu.wroclaw.pl\/wp-content\/uploads\/sites\/26\/2026\/03\/fajna-kartka-na-dzien-mezczyzn1_1-1080x675-1-300x188.jpg 300w, https:\/\/przedszkole62.edu.wroclaw.pl\/wp-content\/uploads\/sites\/26\/2026\/03\/fajna-kartka-na-dzien-mezczyzn1_1-1080x675-1-1024x640.jpg 1024w, https:\/\/przedszkole62.edu.wroclaw.pl\/wp-content\/uploads\/sites\/26\/2026\/03\/fajna-kartka-na-dzien-mezczyzn1_1-1080x675-1-768x480.jpg 768w, https:\/\/przedszkole62.edu.wroclaw.pl\/wp-content\/uploads\/sites\/26\/2026\/03\/fajna-kartka-na-dzien-mezczyzn1_1-1080x675-1.jpg 1080w\" sizes=\"auto, (max-width: 418px) 100vw, 418px\" \/><\/p>\n","protected":false},"excerpt":{"rendered":"<p>Drodzy Panowie! Z okazji Dnia M\u0119\u017cczyzn sk\u0142adamy Wam najlepsze \u017cyczenia rado\u015bci, zdrowia, spe\u0142nienia marze\u0144 i u\u015bmiechu na co dzie\u0144! Panie du\u017ce i ma\u0142e \ud83d\ude42<\/p>\n","protected":false},"author":450,"featured_media":0,"comment_status":"closed","ping_status":"closed","sticky":false,"template":"","format":"standard","meta":{"ngg_post_thumbnail":0,"footnotes":""},"categories":[7],"tags":[],"class_list":["post-6101","post","type-post","status-publish","format-standard","hentry","category-aktualnosci","clearfix"],"_links":{"self":[{"href":"https:\/\/przedszkole62.edu.wroclaw.pl\/index.php\/wp-json\/wp\/v2\/posts\/6101","targetHints":{"allow":["GET"]}}],"collection":[{"href":"https:\/\/przedszkole62.edu.wroclaw.pl\/index.php\/wp-json\/wp\/v2\/posts"}],"about":[{"href":"https:\/\/przedszkole62.edu.wroclaw.pl\/index.php\/wp-json\/wp\/v2\/types\/post"}],"author":[{"embeddable":true,"href":"https:\/\/przedszkole62.edu.wroclaw.pl\/index.php\/wp-json\/wp\/v2\/users\/450"}],"replies":[{"embeddable":true,"href":"https:\/\/przedszkole62.edu.wroclaw.pl\/index.php\/wp-json\/wp\/v2\/comments?post=6101"}],"version-history":[{"count":3,"href":"https:\/\/przedszkole62.edu.wroclaw.pl\/index.php\/wp-json\/wp\/v2\/posts\/6101\/revisions"}],"predecessor-version":[{"id":6104,"href":"https:\/\/przedszkole62.edu.wroclaw.pl\/index.php\/wp-json\/wp\/v2\/posts\/6101\/revisions\/6104"}],"wp:attachment":[{"href":"https:\/\/przedszkole62.edu.wroclaw.pl\/index.php\/wp-json\/wp\/v2\/media?parent=6101"}],"wp:term":[{"taxonomy":"category","embeddable":true,"href":"https:\/\/przedszkole62.edu.wroclaw.pl\/index.php\/wp-json\/wp\/v2\/categories?post=6101"},{"taxonomy":"post_tag","embeddable":true,"href":"https:\/\/przedszkole62.edu.wroclaw.pl\/index.php\/wp-json\/wp\/v2\/tags?post=6101"}],"curies":[{"name":"wp","href":"https:\/\/api.w.org\/{rel}","templated":true}]}}