
{"id":6123,"date":"2026-03-12T16:36:41","date_gmt":"2026-03-12T15:36:41","guid":{"rendered":"https:\/\/przedszkole62.edu.wroclaw.pl\/?p=6123"},"modified":"2026-03-12T16:38:59","modified_gmt":"2026-03-12T15:38:59","slug":"20-marca-powitanie-wiosny-i-dzien-kolorowej-skarpetki","status":"publish","type":"post","link":"https:\/\/przedszkole62.edu.wroclaw.pl\/index.php\/2026\/03\/12\/20-marca-powitanie-wiosny-i-dzien-kolorowej-skarpetki\/","title":{"rendered":"20 marca &#8211; POWITANIE WIOSNY i DZIE\u0143 KOLOROWEJ SKARPETKI!!!"},"content":{"rendered":"<p style=\"text-align: center\"><strong>Kochane Dzieci, Drodzy Rodzice!<\/strong><\/p>\n<p style=\"text-align: center\"><strong><span style=\"color: #ff6600\">20 marca<\/span> <\/strong>w naszym przedszkolu b\u0119d\u0105 mia\u0142y miejsce <span style=\"color: #ff0000\">dwa wa\u017cne wydarzenia<\/span>:<\/p>\n<ol>\n<li><strong><span style=\"color: #00ff00\">POWITANIE WIOSNY<\/span><\/strong> (mile widziane ubrania w kolorach <strong><span style=\"color: #ffff00\">\u017c\u00f3\u0142ty,<\/span><\/strong> <span style=\"color: #ff6600\">pomara\u0144czowy,<\/span> <span style=\"color: #00ff00\">zielony \ud83d\ude42<\/span>)<\/li>\n<li><strong><span style=\"color: #ff00ff\">DZIE\u0143 KOLOROWEJ SKARPETKI<\/span><\/strong> (na znak solidarno\u015bci z Osobami z Zespo\u0142em Downa <span style=\"color: #ff0000\">zak\u0142adamy dwie r\u00f3\u017cne, kolorowe<\/span> <span style=\"color: #ff0000\">skarpetki \ud83d\ude42<\/span>) Do\u0142\u0105czcie do nas!!! Serdecznie zapraszamy!!!<\/li>\n<\/ol>\n<p><img loading=\"lazy\" decoding=\"async\" class=\" wp-image-6122 aligncenter\" src=\"https:\/\/przedszkole62.edu.wroclaw.pl\/wp-content\/uploads\/sites\/26\/2026\/03\/powitanie-wiosny-plakat-225x300.jpg\" alt=\"\" width=\"241\" height=\"321\" srcset=\"https:\/\/przedszkole62.edu.wroclaw.pl\/wp-content\/uploads\/sites\/26\/2026\/03\/powitanie-wiosny-plakat-225x300.jpg 225w, https:\/\/przedszkole62.edu.wroclaw.pl\/wp-content\/uploads\/sites\/26\/2026\/03\/powitanie-wiosny-plakat-768x1024.jpg 768w, https:\/\/przedszkole62.edu.wroclaw.pl\/wp-content\/uploads\/sites\/26\/2026\/03\/powitanie-wiosny-plakat-1152x1536.jpg 1152w, https:\/\/przedszkole62.edu.wroclaw.pl\/wp-content\/uploads\/sites\/26\/2026\/03\/powitanie-wiosny-plakat.jpg 1440w\" sizes=\"auto, (max-width: 241px) 100vw, 241px\" \/><\/p>\n","protected":false},"excerpt":{"rendered":"<p>Kochane Dzieci, Drodzy Rodzice! 20 marca w naszym przedszkolu b\u0119d\u0105 mia\u0142y miejsce dwa wa\u017cne wydarzenia: POWITANIE WIOSNY (mile widziane ubrania w kolorach \u017c\u00f3\u0142ty, pomara\u0144czowy, zielony \ud83d\ude42) DZIE\u0143 KOLOROWEJ SKARPETKI (na [&hellip;]<\/p>\n","protected":false},"author":450,"featured_media":0,"comment_status":"closed","ping_status":"closed","sticky":false,"template":"","format":"standard","meta":{"ngg_post_thumbnail":0,"footnotes":""},"categories":[7],"tags":[],"class_list":["post-6123","post","type-post","status-publish","format-standard","hentry","category-aktualnosci","clearfix"],"_links":{"self":[{"href":"https:\/\/przedszkole62.edu.wroclaw.pl\/index.php\/wp-json\/wp\/v2\/posts\/6123","targetHints":{"allow":["GET"]}}],"collection":[{"href":"https:\/\/przedszkole62.edu.wroclaw.pl\/index.php\/wp-json\/wp\/v2\/posts"}],"about":[{"href":"https:\/\/przedszkole62.edu.wroclaw.pl\/index.php\/wp-json\/wp\/v2\/types\/post"}],"author":[{"embeddable":true,"href":"https:\/\/przedszkole62.edu.wroclaw.pl\/index.php\/wp-json\/wp\/v2\/users\/450"}],"replies":[{"embeddable":true,"href":"https:\/\/przedszkole62.edu.wroclaw.pl\/index.php\/wp-json\/wp\/v2\/comments?post=6123"}],"version-history":[{"count":1,"href":"https:\/\/przedszkole62.edu.wroclaw.pl\/index.php\/wp-json\/wp\/v2\/posts\/6123\/revisions"}],"predecessor-version":[{"id":6124,"href":"https:\/\/przedszkole62.edu.wroclaw.pl\/index.php\/wp-json\/wp\/v2\/posts\/6123\/revisions\/6124"}],"wp:attachment":[{"href":"https:\/\/przedszkole62.edu.wroclaw.pl\/index.php\/wp-json\/wp\/v2\/media?parent=6123"}],"wp:term":[{"taxonomy":"category","embeddable":true,"href":"https:\/\/przedszkole62.edu.wroclaw.pl\/index.php\/wp-json\/wp\/v2\/categories?post=6123"},{"taxonomy":"post_tag","embeddable":true,"href":"https:\/\/przedszkole62.edu.wroclaw.pl\/index.php\/wp-json\/wp\/v2\/tags?post=6123"}],"curies":[{"name":"wp","href":"https:\/\/api.w.org\/{rel}","templated":true}]}}