
{"id":6166,"date":"2026-03-19T17:53:41","date_gmt":"2026-03-19T16:53:41","guid":{"rendered":"https:\/\/przedszkole62.edu.wroclaw.pl\/?p=6166"},"modified":"2026-03-19T17:58:51","modified_gmt":"2026-03-19T16:58:51","slug":"sukces-dziewczynek-z-grupy-kroliczkow","status":"publish","type":"post","link":"https:\/\/przedszkole62.edu.wroclaw.pl\/index.php\/2026\/03\/19\/sukces-dziewczynek-z-grupy-kroliczkow\/","title":{"rendered":"Sukces Dziewczynek z grupy Kr\u00f3liczk\u00f3w!!!"},"content":{"rendered":"<div style=\"text-align: center\" data-olk-copy-source=\"MessageBody\">Drodzy Rodzice, Kochane Dzieci!<\/div>\n<div data-olk-copy-source=\"MessageBody\"><\/div>\n<div style=\"text-align: center\" data-olk-copy-source=\"MessageBody\">Z ogromn\u0105 przyjemno\u015bci\u0105 pragniemy poinformowa\u0107 o sukcesie naszych podopiecznych Ali i Rozalki z grupy<\/div>\n<div style=\"text-align: center\">\u00a0Kr\u00f3liczk\u00f3w ,kt\u00f3re zaj\u0119\u0142y odpowiednio II miejsce i wyr\u00f3\u017cnienie w Szkolno-Przedszkolnym konkursie recytatorskim Wiersze Jana Brzechwy i Juliana Tuwima organizowanym przez Szko\u0142\u0119 Podstawow\u0105 nr 22.<\/div>\n<div><\/div>\n<div style=\"text-align: center\">Gratulujemy!!!<\/div>\n<div><img loading=\"lazy\" decoding=\"async\" class=\"size-medium wp-image-6168 aligncenter\" src=\"https:\/\/przedszkole62.edu.wroclaw.pl\/wp-content\/uploads\/sites\/26\/2026\/03\/konkurs-300x300.jpg\" alt=\"\" width=\"300\" height=\"300\" srcset=\"https:\/\/przedszkole62.edu.wroclaw.pl\/wp-content\/uploads\/sites\/26\/2026\/03\/konkurs-300x300.jpg 300w, https:\/\/przedszkole62.edu.wroclaw.pl\/wp-content\/uploads\/sites\/26\/2026\/03\/konkurs-1024x1024.jpg 1024w, https:\/\/przedszkole62.edu.wroclaw.pl\/wp-content\/uploads\/sites\/26\/2026\/03\/konkurs-150x150.jpg 150w, https:\/\/przedszkole62.edu.wroclaw.pl\/wp-content\/uploads\/sites\/26\/2026\/03\/konkurs-768x769.jpg 768w, https:\/\/przedszkole62.edu.wroclaw.pl\/wp-content\/uploads\/sites\/26\/2026\/03\/konkurs.jpg 1417w\" sizes=\"auto, (max-width: 300px) 100vw, 300px\" \/><\/div>\n","protected":false},"excerpt":{"rendered":"<p>Drodzy Rodzice, Kochane Dzieci! Z ogromn\u0105 przyjemno\u015bci\u0105 pragniemy poinformowa\u0107 o sukcesie naszych podopiecznych Ali i Rozalki z grupy \u00a0Kr\u00f3liczk\u00f3w ,kt\u00f3re zaj\u0119\u0142y odpowiednio II miejsce i wyr\u00f3\u017cnienie w Szkolno-Przedszkolnym konkursie recytatorskim [&hellip;]<\/p>\n","protected":false},"author":450,"featured_media":0,"comment_status":"closed","ping_status":"closed","sticky":false,"template":"","format":"standard","meta":{"ngg_post_thumbnail":0,"footnotes":""},"categories":[7,1],"tags":[],"class_list":["post-6166","post","type-post","status-publish","format-standard","hentry","category-aktualnosci","category-bez-kategorii","clearfix"],"_links":{"self":[{"href":"https:\/\/przedszkole62.edu.wroclaw.pl\/index.php\/wp-json\/wp\/v2\/posts\/6166","targetHints":{"allow":["GET"]}}],"collection":[{"href":"https:\/\/przedszkole62.edu.wroclaw.pl\/index.php\/wp-json\/wp\/v2\/posts"}],"about":[{"href":"https:\/\/przedszkole62.edu.wroclaw.pl\/index.php\/wp-json\/wp\/v2\/types\/post"}],"author":[{"embeddable":true,"href":"https:\/\/przedszkole62.edu.wroclaw.pl\/index.php\/wp-json\/wp\/v2\/users\/450"}],"replies":[{"embeddable":true,"href":"https:\/\/przedszkole62.edu.wroclaw.pl\/index.php\/wp-json\/wp\/v2\/comments?post=6166"}],"version-history":[{"count":2,"href":"https:\/\/przedszkole62.edu.wroclaw.pl\/index.php\/wp-json\/wp\/v2\/posts\/6166\/revisions"}],"predecessor-version":[{"id":6169,"href":"https:\/\/przedszkole62.edu.wroclaw.pl\/index.php\/wp-json\/wp\/v2\/posts\/6166\/revisions\/6169"}],"wp:attachment":[{"href":"https:\/\/przedszkole62.edu.wroclaw.pl\/index.php\/wp-json\/wp\/v2\/media?parent=6166"}],"wp:term":[{"taxonomy":"category","embeddable":true,"href":"https:\/\/przedszkole62.edu.wroclaw.pl\/index.php\/wp-json\/wp\/v2\/categories?post=6166"},{"taxonomy":"post_tag","embeddable":true,"href":"https:\/\/przedszkole62.edu.wroclaw.pl\/index.php\/wp-json\/wp\/v2\/tags?post=6166"}],"curies":[{"name":"wp","href":"https:\/\/api.w.org\/{rel}","templated":true}]}}