
{"id":6170,"date":"2026-03-20T10:50:00","date_gmt":"2026-03-20T09:50:00","guid":{"rendered":"https:\/\/przedszkole62.edu.wroclaw.pl\/?p=6170"},"modified":"2026-03-20T10:50:00","modified_gmt":"2026-03-20T09:50:00","slug":"zdalny-psycholog-zaproszenie-na-live-sesje-24-03-2026","status":"publish","type":"post","link":"https:\/\/przedszkole62.edu.wroclaw.pl\/index.php\/2026\/03\/20\/zdalny-psycholog-zaproszenie-na-live-sesje-24-03-2026\/","title":{"rendered":"Zdalny Psycholog &#8211; zaproszenie na Live Sesj\u0119 24.03.2026!!!"},"content":{"rendered":"<div>\n<div>\n<p><i><span data-ogsc=\"black\" data-olk-copy-source=\"MessageBody\">Szanowni Pa\u0144stwo, w najbli\u017cszy wtorek odb\u0119dzie si\u0119 koljena Live Sesja w ramach projektu Wellbefi Zdalny Psycholog dla Pa\u0144stwa przedszkola.<\/span><\/i><\/p>\n<\/div>\n<p><i><span data-ogsc=\"black\" data-olk-copy-source=\"MessageBody\">&#8222;Jak reagowa\u0107 na trudne emocje swojego dziecka? Jak budowa\u0107 jednocze\u015bnie poczucie bezpiecze\u0144stwa i stawia\u0107 jasne granice? Dowiesz si\u0119, jak rozwija si\u0119 m\u00f3zg przedszkolaka, dlaczego emocje cz\u0119sto bior\u0105 g\u00f3r\u0119 i jak radzi\u0107 sobie z l\u0119kiem z\u0142o\u015bci\u0105 i napadami p\u0142aczu.<\/span><\/i><\/p>\n<\/div>\n<div>\n<p><i><span data-ogsc=\"black\">\u00a0<\/span><\/i><\/p>\n<p><i><span data-ogsc=\"black\">Data i temat spotkania:<\/span><\/i><\/p>\n<\/div>\n<div>\n<p><b><i><span data-ogsc=\"black\">Wtorek, 24.03, godz. 17.00 &#8211; Trudne emocje ma\u0142ego dziecka \u2013 jak wspiera\u0107, gdy pojawia si\u0119 z\u0142o\u015b\u0107, l\u0119k i p\u0142acz<\/span><\/i><\/b><\/p>\n<\/div>\n<div>\n<p><i><span data-ogsc=\"black\">\u00a0Jak rozwija si\u0119 m\u00f3zg przedszkolaka i dlaczego emocje cz\u0119sto \u201ebior\u0105 g\u00f3r\u0119\u201d. Jak wspiera\u0107 dziecko bez wzmacniania trudnych zachowa\u0144 i\u00a0budowa\u0107 poczucie bezpiecze\u0144stwa i odporno\u015b\u0107 emocjonaln\u0105, Sposoby reagowania na z\u0142o\u015b\u0107, l\u0119k i napady p\u0142aczu.<\/span><\/i><\/p>\n<\/div>\n<div>\n<p><span data-ogsc=\"black\">\u00a0<\/span><\/p>\n<\/div>\n<div>\n<p><i><span data-ogsc=\"black\">Zach\u0119camy tak\u017ce do s\u0142uchania Bajek Terapeutycznych czytanych dla Was na \u017cywo przez psycholog\u00f3w! Kiedy? Codziennie (pon.-pt.) o godz. 13.00 i o 19.00.<\/span><\/i><\/p>\n<\/div>\n<div>\n<p><i><span data-ogsc=\"black\">\u00a0<\/span><\/i><\/p>\n<\/div>\n<div>\n<p><i><span data-ogsc=\"black\">Jak do\u0142\u0105czy\u0107 do sesji lub pos\u0142ucha\u0107 bajki? Wystarczy o wskazanej godzinie klikn\u0105\u0107 wid\u017cet projektu Wellbefi Zdalny Psycholog na stronie internetowej przedszkola.<\/span><\/i><\/p>\n<\/div>\n","protected":false},"excerpt":{"rendered":"<p>Szanowni Pa\u0144stwo, w najbli\u017cszy wtorek odb\u0119dzie si\u0119 koljena Live Sesja w ramach projektu Wellbefi Zdalny Psycholog dla Pa\u0144stwa przedszkola. &#8222;Jak reagowa\u0107 na trudne emocje swojego dziecka? Jak budowa\u0107 jednocze\u015bnie poczucie [&hellip;]<\/p>\n","protected":false},"author":450,"featured_media":0,"comment_status":"closed","ping_status":"closed","sticky":false,"template":"","format":"standard","meta":{"ngg_post_thumbnail":0,"footnotes":""},"categories":[7],"tags":[],"class_list":["post-6170","post","type-post","status-publish","format-standard","hentry","category-aktualnosci","clearfix"],"_links":{"self":[{"href":"https:\/\/przedszkole62.edu.wroclaw.pl\/index.php\/wp-json\/wp\/v2\/posts\/6170","targetHints":{"allow":["GET"]}}],"collection":[{"href":"https:\/\/przedszkole62.edu.wroclaw.pl\/index.php\/wp-json\/wp\/v2\/posts"}],"about":[{"href":"https:\/\/przedszkole62.edu.wroclaw.pl\/index.php\/wp-json\/wp\/v2\/types\/post"}],"author":[{"embeddable":true,"href":"https:\/\/przedszkole62.edu.wroclaw.pl\/index.php\/wp-json\/wp\/v2\/users\/450"}],"replies":[{"embeddable":true,"href":"https:\/\/przedszkole62.edu.wroclaw.pl\/index.php\/wp-json\/wp\/v2\/comments?post=6170"}],"version-history":[{"count":1,"href":"https:\/\/przedszkole62.edu.wroclaw.pl\/index.php\/wp-json\/wp\/v2\/posts\/6170\/revisions"}],"predecessor-version":[{"id":6171,"href":"https:\/\/przedszkole62.edu.wroclaw.pl\/index.php\/wp-json\/wp\/v2\/posts\/6170\/revisions\/6171"}],"wp:attachment":[{"href":"https:\/\/przedszkole62.edu.wroclaw.pl\/index.php\/wp-json\/wp\/v2\/media?parent=6170"}],"wp:term":[{"taxonomy":"category","embeddable":true,"href":"https:\/\/przedszkole62.edu.wroclaw.pl\/index.php\/wp-json\/wp\/v2\/categories?post=6170"},{"taxonomy":"post_tag","embeddable":true,"href":"https:\/\/przedszkole62.edu.wroclaw.pl\/index.php\/wp-json\/wp\/v2\/tags?post=6170"}],"curies":[{"name":"wp","href":"https:\/\/api.w.org\/{rel}","templated":true}]}}