
{"id":6172,"date":"2026-03-29T13:44:30","date_gmt":"2026-03-29T11:44:30","guid":{"rendered":"https:\/\/przedszkole62.edu.wroclaw.pl\/?p=6172"},"modified":"2026-03-29T13:45:24","modified_gmt":"2026-03-29T11:45:24","slug":"zdalny-psycholog-zaproszenie-na-live-sesje-31-03-2026","status":"publish","type":"post","link":"https:\/\/przedszkole62.edu.wroclaw.pl\/index.php\/2026\/03\/29\/zdalny-psycholog-zaproszenie-na-live-sesje-31-03-2026\/","title":{"rendered":"Zdalny Psycholog &#8211; zaproszenie na Live Sesj\u0119 31.03.2026!!!"},"content":{"rendered":"<div data-ogsc=\"black\" data-olk-copy-source=\"MessageBody\">Szanowni Pa\u0144stwo,<\/div>\n<div data-ogsc=\"black\">we wtorek odb\u0119dzie si\u0119 kolejne spotkanie w ramach projektu Wellbefi dla rodzic\u00f3w przedszkolak\u00f3w oraz wychowawc\u00f3w. Porozmawiamy o tym, co jest norm\u0105 a co powinno by\u0107 sygna\u0142em ostrzegawczym w rozwoju dziecka.<\/div>\n<div data-ogsc=\"black\"><\/div>\n<div data-ogsc=\"black\">\n<div data-ogsc=\"black\"><i data-ogsc=\"\" data-olk-copy-source=\"MessageBody\">&#8222;Czasem zastanawiasz si\u0119, czy Twoje dziecko zachowuje si\u0119 \u201cprawid\u0142owo&#8221;? To normalne. Por\u00f3wnywanie z r\u00f3wie\u015bnikami, sprzeczne informacje i presja otoczenia mog\u0105 budzi\u0107 niepok\u00f3j.\u00a0Dlatego podczas Live Sesji w ramach Wellbefi Zdalny Psycholog postaramy si\u0119 rozwia\u0107 w\u0105tpliwo\u015bci i udzieli\u0107 odpowiedzi na najcz\u0119stsze pytania.<\/i><\/div>\n<div data-ogsc=\"black\"><i data-ogsc=\"\">\u00a0<\/i><\/div>\n<div data-ogsc=\"black\"><i data-ogsc=\"\">Data i temat spotkania:<\/i><\/div>\n<div data-ogsc=\"black\"><b data-ogsc=\"\"><i data-ogsc=\"\">Wtorek, 31.03, godz. 17.00 &#8211; Rozw\u00f3j przedszkolaka bez presji &#8211; co jest norm\u0105 a co sygna\u0142em ostrzegawczym?<\/i><\/b><\/div>\n<div data-ogsc=\"black\"><i data-ogsc=\"\">Jak wygl\u0105da typowy rozw\u00f3j dziecka w wieku przedszkolnym. Jakie trudno\u015bci s\u0105 naturaln\u0105 cz\u0119\u015bci\u0105 rozwoju, a jakie mog\u0105 by\u0107 sygna\u0142em, \u017ce dziecko potrzebuje dodatkowego wsparcia.\u00a0Na co warto zwraca\u0107 uwag\u0119 w codziennym funkcjonowaniu dziecka oraz jak odr\u00f3\u017cni\u0107 etap rozwojowy od trudno\u015bci wymagaj\u0105cych konsultacji.\u00a0<\/i><\/div>\n<div data-ogsc=\"black\"><i data-ogsc=\"\">\u00a0<\/i><\/div>\n<div data-ogsc=\"black\"><i data-ogsc=\"\">Dodatkowa LS z Go\u015bciem Specjalnym, certyfikowanym psychologiem sportu dr. Marcinem Kochanowskim:<\/i><\/div>\n<div data-ogsc=\"black\"><b data-ogsc=\"\"><i data-ogsc=\"\">\u015aroda. 01.04, godz. 17.00 &#8211; Wyznaczania cel\u00f3w osobistych w sporcie<\/i><\/b><\/div>\n<div data-ogsc=\"black\"><i data-ogsc=\"\">Jak wyznacza\u0107 sobie cele, aby skutecznie je realizowa\u0107. Sposoby mistrz\u00f3w do wykorzystania na boisku, w szkole, w domu i w pracy.<\/i><\/div>\n<div data-ogsc=\"black\"><i data-ogsc=\"\">\u00a0<\/i><\/div>\n<div data-ogsc=\"black\"><i data-ogsc=\"\">A mo\u017ce bajka na dobranoc? Zapraszamy do wsp\u00f3lnego s\u0142uchania z dzieckiem Bajek Terapeutycznych czytanych dla Was na \u017cywo przez psycholog\u00f3w z Fundacji Wsp\u00f3lnie dla Sprawy! Kiedy? Codziennie (pon.-pt.) o godz. 13.00 i o 19.00.<\/i><\/div>\n<div data-ogsc=\"black\"><i data-ogsc=\"\">\u00a0<\/i><\/div>\n<div data-ogsc=\"black\"><i data-ogsc=\"\">Jak do\u0142\u0105czy\u0107 do sesji lub pos\u0142ucha\u0107 bajki? Wystarczy klikn\u0105\u0107 wid\u017cet projektu Wellbefi Zdalny Psycholog na stronie internetowej przedszkola. Transmisja rozpocznie si\u0119 automatycznie o wskazanej godzinie.<\/i><\/div>\n<\/div>\n","protected":false},"excerpt":{"rendered":"<p>Szanowni Pa\u0144stwo, we wtorek odb\u0119dzie si\u0119 kolejne spotkanie w ramach projektu Wellbefi dla rodzic\u00f3w przedszkolak\u00f3w oraz wychowawc\u00f3w. Porozmawiamy o tym, co jest norm\u0105 a co powinno by\u0107 sygna\u0142em ostrzegawczym w [&hellip;]<\/p>\n","protected":false},"author":450,"featured_media":0,"comment_status":"closed","ping_status":"closed","sticky":false,"template":"","format":"standard","meta":{"ngg_post_thumbnail":0,"footnotes":""},"categories":[7],"tags":[],"class_list":["post-6172","post","type-post","status-publish","format-standard","hentry","category-aktualnosci","clearfix"],"_links":{"self":[{"href":"https:\/\/przedszkole62.edu.wroclaw.pl\/index.php\/wp-json\/wp\/v2\/posts\/6172","targetHints":{"allow":["GET"]}}],"collection":[{"href":"https:\/\/przedszkole62.edu.wroclaw.pl\/index.php\/wp-json\/wp\/v2\/posts"}],"about":[{"href":"https:\/\/przedszkole62.edu.wroclaw.pl\/index.php\/wp-json\/wp\/v2\/types\/post"}],"author":[{"embeddable":true,"href":"https:\/\/przedszkole62.edu.wroclaw.pl\/index.php\/wp-json\/wp\/v2\/users\/450"}],"replies":[{"embeddable":true,"href":"https:\/\/przedszkole62.edu.wroclaw.pl\/index.php\/wp-json\/wp\/v2\/comments?post=6172"}],"version-history":[{"count":1,"href":"https:\/\/przedszkole62.edu.wroclaw.pl\/index.php\/wp-json\/wp\/v2\/posts\/6172\/revisions"}],"predecessor-version":[{"id":6173,"href":"https:\/\/przedszkole62.edu.wroclaw.pl\/index.php\/wp-json\/wp\/v2\/posts\/6172\/revisions\/6173"}],"wp:attachment":[{"href":"https:\/\/przedszkole62.edu.wroclaw.pl\/index.php\/wp-json\/wp\/v2\/media?parent=6172"}],"wp:term":[{"taxonomy":"category","embeddable":true,"href":"https:\/\/przedszkole62.edu.wroclaw.pl\/index.php\/wp-json\/wp\/v2\/categories?post=6172"},{"taxonomy":"post_tag","embeddable":true,"href":"https:\/\/przedszkole62.edu.wroclaw.pl\/index.php\/wp-json\/wp\/v2\/tags?post=6172"}],"curies":[{"name":"wp","href":"https:\/\/api.w.org\/{rel}","templated":true}]}}