
{"id":6205,"date":"2026-04-02T08:24:44","date_gmt":"2026-04-02T06:24:44","guid":{"rendered":"https:\/\/przedszkole62.edu.wroclaw.pl\/?p=6205"},"modified":"2026-04-02T08:26:23","modified_gmt":"2026-04-02T06:26:23","slug":"zyczenia-wielkanocne-2","status":"publish","type":"post","link":"https:\/\/przedszkole62.edu.wroclaw.pl\/index.php\/2026\/04\/02\/zyczenia-wielkanocne-2\/","title":{"rendered":"\u017byczenia Wielkanocne"},"content":{"rendered":"<p style=\"text-align: center\"><strong>Drodzy Rodzice, Kochane Dzieci!<\/strong><\/p>\n<p style=\"text-align: center\">\u017byczymy Wam zdrowych, radosnych i kolorowych <span style=\"color: #ff0000\"><em>\u015awi\u0105t Wielkanocnych<\/em><\/span>, smacznej \u015bwi\u0119conki i mokrego dyngusa.<\/p>\n<p><img loading=\"lazy\" decoding=\"async\" class=\" wp-image-6204 aligncenter\" src=\"https:\/\/przedszkole62.edu.wroclaw.pl\/wp-content\/uploads\/sites\/26\/2026\/04\/wielkanoc-zyczenia-strona-300x213.jpg\" alt=\"\" width=\"445\" height=\"316\" srcset=\"https:\/\/przedszkole62.edu.wroclaw.pl\/wp-content\/uploads\/sites\/26\/2026\/04\/wielkanoc-zyczenia-strona-300x213.jpg 300w, https:\/\/przedszkole62.edu.wroclaw.pl\/wp-content\/uploads\/sites\/26\/2026\/04\/wielkanoc-zyczenia-strona-768x544.jpg 768w, https:\/\/przedszkole62.edu.wroclaw.pl\/wp-content\/uploads\/sites\/26\/2026\/04\/wielkanoc-zyczenia-strona.jpg 852w\" sizes=\"auto, (max-width: 445px) 100vw, 445px\" \/><\/p>\n","protected":false},"excerpt":{"rendered":"<p>Drodzy Rodzice, Kochane Dzieci! \u017byczymy Wam zdrowych, radosnych i kolorowych \u015awi\u0105t Wielkanocnych, smacznej \u015bwi\u0119conki i mokrego dyngusa.<\/p>\n","protected":false},"author":450,"featured_media":0,"comment_status":"closed","ping_status":"closed","sticky":false,"template":"","format":"standard","meta":{"ngg_post_thumbnail":0,"footnotes":""},"categories":[7],"tags":[],"class_list":["post-6205","post","type-post","status-publish","format-standard","hentry","category-aktualnosci","clearfix"],"_links":{"self":[{"href":"https:\/\/przedszkole62.edu.wroclaw.pl\/index.php\/wp-json\/wp\/v2\/posts\/6205","targetHints":{"allow":["GET"]}}],"collection":[{"href":"https:\/\/przedszkole62.edu.wroclaw.pl\/index.php\/wp-json\/wp\/v2\/posts"}],"about":[{"href":"https:\/\/przedszkole62.edu.wroclaw.pl\/index.php\/wp-json\/wp\/v2\/types\/post"}],"author":[{"embeddable":true,"href":"https:\/\/przedszkole62.edu.wroclaw.pl\/index.php\/wp-json\/wp\/v2\/users\/450"}],"replies":[{"embeddable":true,"href":"https:\/\/przedszkole62.edu.wroclaw.pl\/index.php\/wp-json\/wp\/v2\/comments?post=6205"}],"version-history":[{"count":3,"href":"https:\/\/przedszkole62.edu.wroclaw.pl\/index.php\/wp-json\/wp\/v2\/posts\/6205\/revisions"}],"predecessor-version":[{"id":6208,"href":"https:\/\/przedszkole62.edu.wroclaw.pl\/index.php\/wp-json\/wp\/v2\/posts\/6205\/revisions\/6208"}],"wp:attachment":[{"href":"https:\/\/przedszkole62.edu.wroclaw.pl\/index.php\/wp-json\/wp\/v2\/media?parent=6205"}],"wp:term":[{"taxonomy":"category","embeddable":true,"href":"https:\/\/przedszkole62.edu.wroclaw.pl\/index.php\/wp-json\/wp\/v2\/categories?post=6205"},{"taxonomy":"post_tag","embeddable":true,"href":"https:\/\/przedszkole62.edu.wroclaw.pl\/index.php\/wp-json\/wp\/v2\/tags?post=6205"}],"curies":[{"name":"wp","href":"https:\/\/api.w.org\/{rel}","templated":true}]}}