
{"id":6243,"date":"2026-04-09T18:17:52","date_gmt":"2026-04-09T16:17:52","guid":{"rendered":"https:\/\/przedszkole62.edu.wroclaw.pl\/?p=6243"},"modified":"2026-04-09T18:20:40","modified_gmt":"2026-04-09T16:20:40","slug":"zdalny-psycholog-zaproszenie-na-live-sesje-14-04-2026","status":"publish","type":"post","link":"https:\/\/przedszkole62.edu.wroclaw.pl\/index.php\/2026\/04\/09\/zdalny-psycholog-zaproszenie-na-live-sesje-14-04-2026\/","title":{"rendered":"Zdalny Psycholog &#8211; zaproszenie na Live Sesj\u0119 14.04.2026!!!"},"content":{"rendered":"<div>\n<p><span data-ogsc=\"black\" data-olk-copy-source=\"MessageBody\">Szanowni Pa\u0144stwo,<\/span><\/p>\n<\/div>\n<div>\n<p><span data-ogsc=\"black\">we wtorek odb\u0119dzie si\u0119 kolejne spotkanie w ramach projektu Wellbefi dedykowane rodzicom przedszkolak\u00f3w i wychowawcom. Tym razem porozmawiamy o tym, jak rozpozna\u0107 manipulacj\u0119 w Internecie, co jest istotne szczeg\u00f3lnie w kontek\u015bcie parentingu, kt\u00f3ry jest popularnym tematem w social media.\u00a0<\/span><\/p>\n<div>\n<p><i><span data-ogsc=\"black\">&#8222;Przyt\u0142acza Ci\u0119 ilo\u015b\u0107 sprzecznych opinii, rad &#8222;ekspert\u00f3w&#8221; i fake news\u00f3w kr\u0105\u017c\u0105cych w Internecie? Do\u0142\u0105cz do Live Sesji Wellbefi i poznaj najcz\u0119stsze techniki manipulacji, sposoby wykorzystywania emocji oraz rol\u0119 algorytm\u00f3w w mediach spo\u0142eczno\u015bciowych. Do\u0142\u0105cz, pos\u0142uchaj i nie daj si\u0119 z\u0142apa\u0107.<\/span><\/i><\/p>\n<\/div>\n<div>\n<p><i><span data-ogsc=\"black\">\u00a0<\/span><\/i><i><span data-ogsc=\"black\">Data i temat spotkania:<\/span><\/i><\/p>\n<\/div>\n<div>\n<p><b><i><span data-ogsc=\"black\">Wtorek, 14.04, godz. 17.00 &#8211; Fake newsy i clickbaity &#8211; jak rozpozna\u0107 manipulacj\u0119 w Internecie<\/span><\/i><\/b><\/p>\n<\/div>\n<div>\n<p><i><span data-ogsc=\"black\">Jak sensacyjne nag\u0142\u00f3wki, emocjonalne przekazy i zmanipulowane informacje mog\u0105 wp\u0142ywa\u0107 na nasze opinie, decyzje i samopoczucie. Jak skutecznie weryfikowa\u0107 informacje, rozpoznawa\u0107 sygna\u0142y ostrzegawcze i krytycznie ocenia\u0107 \u017ar\u00f3d\u0142a.\u00a0<\/span><\/i><\/p>\n<\/div>\n<div>\n<p><span data-ogsc=\"black\">\u00a0<\/span><i><span data-ogsc=\"black\">Dawno, dawno temu&#8230; a mo\u017ce dzi\u015b wieczorem? Zapraszamy na spotkanie z bajk\u0105 terapeutyczn\u0105 i jej sympatycznymi bohaterami! Kiedy? Codziennie (pon.-pt.) o godz. 13.00 i o 19.00 czytamy na \u017cywo bajki pozwalaj\u0105ce najm\u0142odszym pozna\u0107 \u015bwiat r\u00f3\u017cnych emocji i codziennych wyzwa\u0144.<\/span><\/i><\/p>\n<\/div>\n<div>\n<p><i><span data-ogsc=\"black\">\u00a0<\/span><\/i><i><span data-ogsc=\"black\">Jak do\u0142\u0105czy\u0107 do sesji lub pos\u0142ucha\u0107 bajki? To proste! Wystarczy klikn\u0105\u0107 wid\u017cet projektu Wellbefi Zdalny Psycholog na stronie internetowej przedszkola. Transmisja rozpocznie si\u0119 automatycznie o wskazanej godzinie. Do zobaczenia!<\/span><\/i><\/p>\n<\/div>\n<\/div>\n","protected":false},"excerpt":{"rendered":"<p>Szanowni Pa\u0144stwo, we wtorek odb\u0119dzie si\u0119 kolejne spotkanie w ramach projektu Wellbefi dedykowane rodzicom przedszkolak\u00f3w i wychowawcom. Tym razem porozmawiamy o tym, jak rozpozna\u0107 manipulacj\u0119 w Internecie, co jest istotne [&hellip;]<\/p>\n","protected":false},"author":450,"featured_media":0,"comment_status":"closed","ping_status":"closed","sticky":false,"template":"","format":"standard","meta":{"ngg_post_thumbnail":0,"footnotes":""},"categories":[7],"tags":[],"class_list":["post-6243","post","type-post","status-publish","format-standard","hentry","category-aktualnosci","clearfix"],"_links":{"self":[{"href":"https:\/\/przedszkole62.edu.wroclaw.pl\/index.php\/wp-json\/wp\/v2\/posts\/6243","targetHints":{"allow":["GET"]}}],"collection":[{"href":"https:\/\/przedszkole62.edu.wroclaw.pl\/index.php\/wp-json\/wp\/v2\/posts"}],"about":[{"href":"https:\/\/przedszkole62.edu.wroclaw.pl\/index.php\/wp-json\/wp\/v2\/types\/post"}],"author":[{"embeddable":true,"href":"https:\/\/przedszkole62.edu.wroclaw.pl\/index.php\/wp-json\/wp\/v2\/users\/450"}],"replies":[{"embeddable":true,"href":"https:\/\/przedszkole62.edu.wroclaw.pl\/index.php\/wp-json\/wp\/v2\/comments?post=6243"}],"version-history":[{"count":1,"href":"https:\/\/przedszkole62.edu.wroclaw.pl\/index.php\/wp-json\/wp\/v2\/posts\/6243\/revisions"}],"predecessor-version":[{"id":6244,"href":"https:\/\/przedszkole62.edu.wroclaw.pl\/index.php\/wp-json\/wp\/v2\/posts\/6243\/revisions\/6244"}],"wp:attachment":[{"href":"https:\/\/przedszkole62.edu.wroclaw.pl\/index.php\/wp-json\/wp\/v2\/media?parent=6243"}],"wp:term":[{"taxonomy":"category","embeddable":true,"href":"https:\/\/przedszkole62.edu.wroclaw.pl\/index.php\/wp-json\/wp\/v2\/categories?post=6243"},{"taxonomy":"post_tag","embeddable":true,"href":"https:\/\/przedszkole62.edu.wroclaw.pl\/index.php\/wp-json\/wp\/v2\/tags?post=6243"}],"curies":[{"name":"wp","href":"https:\/\/api.w.org\/{rel}","templated":true}]}}