
{"id":6255,"date":"2026-04-13T19:09:57","date_gmt":"2026-04-13T17:09:57","guid":{"rendered":"https:\/\/przedszkole62.edu.wroclaw.pl\/?p=6255"},"modified":"2026-04-13T19:15:25","modified_gmt":"2026-04-13T17:15:25","slug":"kampania-rowerowy-maj-w-naszym-przedszkolu","status":"publish","type":"post","link":"https:\/\/przedszkole62.edu.wroclaw.pl\/index.php\/2026\/04\/13\/kampania-rowerowy-maj-w-naszym-przedszkolu\/","title":{"rendered":"Kampania &#8222;Rowerowy Maj&#8221; w naszym Przedszkolu!!!"},"content":{"rendered":"<p style=\"text-align: center\"><strong>Drodzy Rodzice, Kochane Dzieci!!!<\/strong><\/p>\n<p style=\"text-align: center\">Mi\u0142o nam poinformowa\u0107, i\u017c w dniach <strong><span style=\"color: #ff0000\">04.05.2026 &#8211; 29.05.2026<\/span><\/strong> nasze Przedszkole aktywnie w\u0142\u0105cza si\u0119 do kampanii <strong><span style=\"color: #ff0000\">&#8222;Rowerowy Maj&#8221; &#8211; <\/span><\/strong>akcji promuj\u0105cej aktywno\u015b\u0107 mobiln\u0105, czyli przemieszczanie si\u0119 na hulajnodze, rowerze, rolkach, wrotkach i deskorolce \ud83d\ude42<\/p>\n<p><img loading=\"lazy\" decoding=\"async\" class=\" wp-image-6253 aligncenter\" src=\"https:\/\/przedszkole62.edu.wroclaw.pl\/wp-content\/uploads\/sites\/26\/2026\/04\/Zrzut-ekranu-2026-04-13-185529-300x300.png\" alt=\"\" width=\"409\" height=\"409\" srcset=\"https:\/\/przedszkole62.edu.wroclaw.pl\/wp-content\/uploads\/sites\/26\/2026\/04\/Zrzut-ekranu-2026-04-13-185529-300x300.png 300w, https:\/\/przedszkole62.edu.wroclaw.pl\/wp-content\/uploads\/sites\/26\/2026\/04\/Zrzut-ekranu-2026-04-13-185529-150x150.png 150w, https:\/\/przedszkole62.edu.wroclaw.pl\/wp-content\/uploads\/sites\/26\/2026\/04\/Zrzut-ekranu-2026-04-13-185529-768x768.png 768w, https:\/\/przedszkole62.edu.wroclaw.pl\/wp-content\/uploads\/sites\/26\/2026\/04\/Zrzut-ekranu-2026-04-13-185529.png 773w\" sizes=\"auto, (max-width: 409px) 100vw, 409px\" \/><\/p>\n<p>Ps. Zgody na udzia\u0142 w kampanii otrzymacie Pa\u0144stwo od Nauczycieli poszczeg\u00f3lnych grup.<\/p>\n<p>Regulamin dost\u0119pny na stronie:<\/p>\n<p><a href=\"https:\/\/przedszkole62.edu.wroclaw.pl\/wp-content\/uploads\/sites\/26\/2026\/04\/Regulamin_Rowerowy-Maj-2026_Gmina-Wroclaw-2.pdf\">Regulamin_Rowerowy Maj 2026_Gmina Wroclaw (2)<\/a><\/p>\n","protected":false},"excerpt":{"rendered":"<p>Drodzy Rodzice, Kochane Dzieci!!! Mi\u0142o nam poinformowa\u0107, i\u017c w dniach 04.05.2026 &#8211; 29.05.2026 nasze Przedszkole aktywnie w\u0142\u0105cza si\u0119 do kampanii &#8222;Rowerowy Maj&#8221; &#8211; akcji promuj\u0105cej aktywno\u015b\u0107 mobiln\u0105, czyli przemieszczanie si\u0119 [&hellip;]<\/p>\n","protected":false},"author":450,"featured_media":0,"comment_status":"closed","ping_status":"closed","sticky":false,"template":"","format":"standard","meta":{"ngg_post_thumbnail":0,"footnotes":""},"categories":[7],"tags":[],"class_list":["post-6255","post","type-post","status-publish","format-standard","hentry","category-aktualnosci","clearfix"],"_links":{"self":[{"href":"https:\/\/przedszkole62.edu.wroclaw.pl\/index.php\/wp-json\/wp\/v2\/posts\/6255","targetHints":{"allow":["GET"]}}],"collection":[{"href":"https:\/\/przedszkole62.edu.wroclaw.pl\/index.php\/wp-json\/wp\/v2\/posts"}],"about":[{"href":"https:\/\/przedszkole62.edu.wroclaw.pl\/index.php\/wp-json\/wp\/v2\/types\/post"}],"author":[{"embeddable":true,"href":"https:\/\/przedszkole62.edu.wroclaw.pl\/index.php\/wp-json\/wp\/v2\/users\/450"}],"replies":[{"embeddable":true,"href":"https:\/\/przedszkole62.edu.wroclaw.pl\/index.php\/wp-json\/wp\/v2\/comments?post=6255"}],"version-history":[{"count":2,"href":"https:\/\/przedszkole62.edu.wroclaw.pl\/index.php\/wp-json\/wp\/v2\/posts\/6255\/revisions"}],"predecessor-version":[{"id":6257,"href":"https:\/\/przedszkole62.edu.wroclaw.pl\/index.php\/wp-json\/wp\/v2\/posts\/6255\/revisions\/6257"}],"wp:attachment":[{"href":"https:\/\/przedszkole62.edu.wroclaw.pl\/index.php\/wp-json\/wp\/v2\/media?parent=6255"}],"wp:term":[{"taxonomy":"category","embeddable":true,"href":"https:\/\/przedszkole62.edu.wroclaw.pl\/index.php\/wp-json\/wp\/v2\/categories?post=6255"},{"taxonomy":"post_tag","embeddable":true,"href":"https:\/\/przedszkole62.edu.wroclaw.pl\/index.php\/wp-json\/wp\/v2\/tags?post=6255"}],"curies":[{"name":"wp","href":"https:\/\/api.w.org\/{rel}","templated":true}]}}