
{"id":6273,"date":"2026-04-16T20:16:43","date_gmt":"2026-04-16T18:16:43","guid":{"rendered":"https:\/\/przedszkole62.edu.wroclaw.pl\/?p=6273"},"modified":"2026-04-16T20:18:00","modified_gmt":"2026-04-16T18:18:00","slug":"podziekowanie-za-udzial-w-charytatywnym-biegu-w-pizamach","status":"publish","type":"post","link":"https:\/\/przedszkole62.edu.wroclaw.pl\/index.php\/2026\/04\/16\/podziekowanie-za-udzial-w-charytatywnym-biegu-w-pizamach\/","title":{"rendered":"Podzi\u0119kowanie za udzia\u0142 w charytatywnym &#8222;BIEGU w PI\u017bAMACH&#8221;!!!"},"content":{"rendered":"<p style=\"text-align: center\"><strong>Drodzy Rodzice, Kochane Dzieci!<\/strong><\/p>\n<p style=\"text-align: center\">Z ca\u0142ego serca <strong><span style=\"color: #ff0000\">DZI\u0118KUJEMY<\/span> <\/strong>za udzia\u0142 w dzisiejszej <span style=\"color: #ff0000\">akcji charytatywnej\u00a0<\/span><\/p>\n<p style=\"text-align: center\"><span style=\"color: #0000ff\"><strong>&#8222;DZIE\u0143 I BIEG W PI\u017bAMACH&#8221; \ud83d\ude42<\/strong><\/span><\/p>\n<p style=\"text-align: center\"><span style=\"color: #ff0000\">DZI\u0118KUJEMY<\/span> r\u00f3wnie\u017c za przyniesione do tej pory <span style=\"color: #ff0000\">DARY<\/span> \ud83d\ude42<\/p>\n<p style=\"text-align: center\"><span style=\"color: #ff0000\">Zbi\u00f3rka dar\u00f3w trwa do 30.04.2026!!!<\/span><\/p>\n<p><img loading=\"lazy\" decoding=\"async\" class=\"size-medium wp-image-6272 aligncenter\" src=\"https:\/\/przedszkole62.edu.wroclaw.pl\/wp-content\/uploads\/sites\/26\/2026\/04\/bieg-225x300.jpg\" alt=\"\" width=\"225\" height=\"300\" srcset=\"https:\/\/przedszkole62.edu.wroclaw.pl\/wp-content\/uploads\/sites\/26\/2026\/04\/bieg-225x300.jpg 225w, https:\/\/przedszkole62.edu.wroclaw.pl\/wp-content\/uploads\/sites\/26\/2026\/04\/bieg-768x1024.jpg 768w, https:\/\/przedszkole62.edu.wroclaw.pl\/wp-content\/uploads\/sites\/26\/2026\/04\/bieg-1152x1536.jpg 1152w, https:\/\/przedszkole62.edu.wroclaw.pl\/wp-content\/uploads\/sites\/26\/2026\/04\/bieg.jpg 1440w\" sizes=\"auto, (max-width: 225px) 100vw, 225px\" \/><\/p>\n","protected":false},"excerpt":{"rendered":"<p>Drodzy Rodzice, Kochane Dzieci! Z ca\u0142ego serca DZI\u0118KUJEMY za udzia\u0142 w dzisiejszej akcji charytatywnej\u00a0 &#8222;DZIE\u0143 I BIEG W PI\u017bAMACH&#8221; \ud83d\ude42 DZI\u0118KUJEMY r\u00f3wnie\u017c za przyniesione do tej pory DARY \ud83d\ude42 Zbi\u00f3rka [&hellip;]<\/p>\n","protected":false},"author":450,"featured_media":0,"comment_status":"closed","ping_status":"closed","sticky":false,"template":"","format":"standard","meta":{"ngg_post_thumbnail":0,"footnotes":""},"categories":[7],"tags":[],"class_list":["post-6273","post","type-post","status-publish","format-standard","hentry","category-aktualnosci","clearfix"],"_links":{"self":[{"href":"https:\/\/przedszkole62.edu.wroclaw.pl\/index.php\/wp-json\/wp\/v2\/posts\/6273","targetHints":{"allow":["GET"]}}],"collection":[{"href":"https:\/\/przedszkole62.edu.wroclaw.pl\/index.php\/wp-json\/wp\/v2\/posts"}],"about":[{"href":"https:\/\/przedszkole62.edu.wroclaw.pl\/index.php\/wp-json\/wp\/v2\/types\/post"}],"author":[{"embeddable":true,"href":"https:\/\/przedszkole62.edu.wroclaw.pl\/index.php\/wp-json\/wp\/v2\/users\/450"}],"replies":[{"embeddable":true,"href":"https:\/\/przedszkole62.edu.wroclaw.pl\/index.php\/wp-json\/wp\/v2\/comments?post=6273"}],"version-history":[{"count":1,"href":"https:\/\/przedszkole62.edu.wroclaw.pl\/index.php\/wp-json\/wp\/v2\/posts\/6273\/revisions"}],"predecessor-version":[{"id":6274,"href":"https:\/\/przedszkole62.edu.wroclaw.pl\/index.php\/wp-json\/wp\/v2\/posts\/6273\/revisions\/6274"}],"wp:attachment":[{"href":"https:\/\/przedszkole62.edu.wroclaw.pl\/index.php\/wp-json\/wp\/v2\/media?parent=6273"}],"wp:term":[{"taxonomy":"category","embeddable":true,"href":"https:\/\/przedszkole62.edu.wroclaw.pl\/index.php\/wp-json\/wp\/v2\/categories?post=6273"},{"taxonomy":"post_tag","embeddable":true,"href":"https:\/\/przedszkole62.edu.wroclaw.pl\/index.php\/wp-json\/wp\/v2\/tags?post=6273"}],"curies":[{"name":"wp","href":"https:\/\/api.w.org\/{rel}","templated":true}]}}