
{"id":6276,"date":"2026-04-16T20:26:12","date_gmt":"2026-04-16T18:26:12","guid":{"rendered":"https:\/\/przedszkole62.edu.wroclaw.pl\/?p=6276"},"modified":"2026-04-16T20:26:51","modified_gmt":"2026-04-16T18:26:51","slug":"22-kwietnia-dzien-ziemi","status":"publish","type":"post","link":"https:\/\/przedszkole62.edu.wroclaw.pl\/index.php\/2026\/04\/16\/22-kwietnia-dzien-ziemi\/","title":{"rendered":"22 kwietnia &#8211; DZIE\u0143 ZIEMI"},"content":{"rendered":"<p style=\"text-align: center\"><strong>Kochani!<\/strong><\/p>\n<p style=\"text-align: center\">Serdecznie <span style=\"color: #3366ff\">ZAPRASZAMY<\/span> do wsp\u00f3lnego \u015bwi\u0119towania<\/p>\n<p style=\"text-align: center\"><strong><span style=\"color: #ff0000\">w dniu 22 kwietnia\u00a0<\/span><\/strong><\/p>\n<p style=\"text-align: center\"><strong><span style=\"color: #00ff00\">&#8222;DNIA ZIEMI&#8221;\u00a0 \ud83d\ude42<\/span><\/strong><\/p>\n<p style=\"text-align: center\">Ps. Prosimy <span style=\"color: #3366ff\">WSZYSTKIE dzieci<\/span> <span style=\"color: #ff0000\">o przyniesienie kwiat\u00f3w<\/span>, kt\u00f3re b\u0119dziemy sadzi\u0107 w ogrodzie przedszkolnym \ud83d\ude42<\/p>\n<p>\u00a0 \u00a0 \u00a0 \u00a0 \u00a0 \u00a0 \u00a0 \u00a0 \u00a0 \u00a0 \u00a0 \u00a0 \u00a0 \u00a0 \u00a0 \u00a0 \u00a0 \u00a0Mile widziane ubrania w kolorze <strong><span style=\"color: #00ff00\">ZIELONYM\u00a0<\/span><\/strong><\/p>\n<p><img loading=\"lazy\" decoding=\"async\" class=\"size-medium wp-image-6275 aligncenter\" src=\"https:\/\/przedszkole62.edu.wroclaw.pl\/wp-content\/uploads\/sites\/26\/2026\/04\/dzien-ziemi-225x300.jpg\" alt=\"\" width=\"225\" height=\"300\" srcset=\"https:\/\/przedszkole62.edu.wroclaw.pl\/wp-content\/uploads\/sites\/26\/2026\/04\/dzien-ziemi-225x300.jpg 225w, https:\/\/przedszkole62.edu.wroclaw.pl\/wp-content\/uploads\/sites\/26\/2026\/04\/dzien-ziemi-768x1024.jpg 768w, https:\/\/przedszkole62.edu.wroclaw.pl\/wp-content\/uploads\/sites\/26\/2026\/04\/dzien-ziemi-1152x1536.jpg 1152w, https:\/\/przedszkole62.edu.wroclaw.pl\/wp-content\/uploads\/sites\/26\/2026\/04\/dzien-ziemi.jpg 1440w\" sizes=\"auto, (max-width: 225px) 100vw, 225px\" \/><\/p>\n","protected":false},"excerpt":{"rendered":"<p>Kochani! Serdecznie ZAPRASZAMY do wsp\u00f3lnego \u015bwi\u0119towania w dniu 22 kwietnia\u00a0 &#8222;DNIA ZIEMI&#8221;\u00a0 \ud83d\ude42 Ps. Prosimy WSZYSTKIE dzieci o przyniesienie kwiat\u00f3w, kt\u00f3re b\u0119dziemy sadzi\u0107 w ogrodzie przedszkolnym \ud83d\ude42 \u00a0 \u00a0 \u00a0 [&hellip;]<\/p>\n","protected":false},"author":450,"featured_media":0,"comment_status":"closed","ping_status":"closed","sticky":false,"template":"","format":"standard","meta":{"ngg_post_thumbnail":0,"footnotes":""},"categories":[7],"tags":[],"class_list":["post-6276","post","type-post","status-publish","format-standard","hentry","category-aktualnosci","clearfix"],"_links":{"self":[{"href":"https:\/\/przedszkole62.edu.wroclaw.pl\/index.php\/wp-json\/wp\/v2\/posts\/6276","targetHints":{"allow":["GET"]}}],"collection":[{"href":"https:\/\/przedszkole62.edu.wroclaw.pl\/index.php\/wp-json\/wp\/v2\/posts"}],"about":[{"href":"https:\/\/przedszkole62.edu.wroclaw.pl\/index.php\/wp-json\/wp\/v2\/types\/post"}],"author":[{"embeddable":true,"href":"https:\/\/przedszkole62.edu.wroclaw.pl\/index.php\/wp-json\/wp\/v2\/users\/450"}],"replies":[{"embeddable":true,"href":"https:\/\/przedszkole62.edu.wroclaw.pl\/index.php\/wp-json\/wp\/v2\/comments?post=6276"}],"version-history":[{"count":1,"href":"https:\/\/przedszkole62.edu.wroclaw.pl\/index.php\/wp-json\/wp\/v2\/posts\/6276\/revisions"}],"predecessor-version":[{"id":6277,"href":"https:\/\/przedszkole62.edu.wroclaw.pl\/index.php\/wp-json\/wp\/v2\/posts\/6276\/revisions\/6277"}],"wp:attachment":[{"href":"https:\/\/przedszkole62.edu.wroclaw.pl\/index.php\/wp-json\/wp\/v2\/media?parent=6276"}],"wp:term":[{"taxonomy":"category","embeddable":true,"href":"https:\/\/przedszkole62.edu.wroclaw.pl\/index.php\/wp-json\/wp\/v2\/categories?post=6276"},{"taxonomy":"post_tag","embeddable":true,"href":"https:\/\/przedszkole62.edu.wroclaw.pl\/index.php\/wp-json\/wp\/v2\/tags?post=6276"}],"curies":[{"name":"wp","href":"https:\/\/api.w.org\/{rel}","templated":true}]}}