
{"id":6284,"date":"2026-04-17T10:52:58","date_gmt":"2026-04-17T08:52:58","guid":{"rendered":"https:\/\/przedszkole62.edu.wroclaw.pl\/?p=6284"},"modified":"2026-04-17T10:53:05","modified_gmt":"2026-04-17T08:53:05","slug":"zdalny-psycholog-zaproszenie-na-live-sesje-21-04-2026","status":"publish","type":"post","link":"https:\/\/przedszkole62.edu.wroclaw.pl\/index.php\/2026\/04\/17\/zdalny-psycholog-zaproszenie-na-live-sesje-21-04-2026\/","title":{"rendered":"Zdalny Psycholog &#8211; zaproszenie na Live Sesj\u0119 21.04.2026!!!"},"content":{"rendered":"<div>\n<p><span data-ogsc=\"black\" data-olk-copy-source=\"MessageBody\">Szanowni Pa\u0144stwo,<\/span><\/p>\n<\/div>\n<div>\n<p><span data-ogsc=\"black\">we wtorek zapraszamy na kolejn\u0105 sesj\u0119 dla rodzic\u00f3w przedszkolak\u00f3w i wychowawc\u00f3w. Tym razem porozmawiamy o tym, z czego wynikaj\u0105 zachowania jak bicie, gryzienie czy krzyk u najm\u0142odszych oraz jak sobie z nimi skutecznie i spokojnie radzi\u0107.<\/span><\/p>\n<\/div>\n<div>\n<p><i><span data-ogsc=\"black\" data-olk-copy-source=\"MessageBody\">&#8222;Zastanawiasz si\u0119, sk\u0105d u malucha zachowania takie jak bicie, gryzienie czy krzyk? Nie wiesz, jak wspiera\u0107 swoje dziecko w radzeniu sobie z trudnymi emocjami? Zapraszamy na Live Sesj\u0119 Wellbefi! Porozmawiamy o tym, jak reagowa\u0107 i stawia\u0107 granice w spokojny i konsekwentny spos\u00f3b.<\/span><\/i><\/p>\n<\/div>\n<div>\n<p><i><span data-ogsc=\"black\">\u00a0<\/span><\/i><i><span data-ogsc=\"black\">Data i temat spotkania:<\/span><\/i><\/p>\n<\/div>\n<div>\n<p><b><i><span data-ogsc=\"black\">Wtorek, 21.04, godz. 17.00 &#8211; Dlaczego moje dziecko bije, gryzie, krzyczy \u2013 agresja i impulsywno\u015b\u0107 u ma\u0142ych dzieci<\/span><\/i><\/b><\/p>\n<\/div>\n<div>\n<p><i><span data-ogsc=\"black\">Jak reagowa\u0107, aby skutecznie wspiera\u0107 dziecko w nauce kontroli emocji. Konkretne, psychologiczne strategie, kt\u00f3re pomagaj\u0105 wycisza\u0107 emocje, uczy\u0107 dziecko bezpiecznych sposob\u00f3w wyra\u017cania z\u0142o\u015bci i jednocze\u015bnie stawia\u0107 jasne granice.<\/span><\/i><\/p>\n<\/div>\n<div>\n<p><span data-ogsc=\"black\">\u00a0<\/span><i><span data-ogsc=\"black\">Brak plan\u00f3w na wiecz\u00f3r? Zach\u0119camy do pos\u0142uchania bajek terapeutycznych przygotowanych z my\u015bl\u0105 o przedszkolakach. Kiedy? Codziennie (pon.-pt.) o godz. 13.00 i o 19.00 czytamy na \u017cywo bajki, kt\u00f3re pozwol\u0105 dziecku oswoi\u0107 r\u00f3\u017cne emocje w bezpieczny i dopasowany do wieku spos\u00f3b.<\/span><\/i><\/p>\n<\/div>\n<div>\n<p><i><span data-ogsc=\"black\">\u00a0<\/span><\/i><i><span data-ogsc=\"black\">Jak do\u0142\u0105czy\u0107 do sesji lub pos\u0142ucha\u0107 bajki? To proste! Wystarczy klikn\u0105\u0107 wid\u017cet projektu Wellbefi Zdalny Psycholog na stronie internetowej przedszkola. Transmisja rozpocznie si\u0119 automatycznie o wskazanej godzinie. Do zobaczenia!<\/span><\/i><\/p>\n<\/div>\n<div>\n<p><span data-ogsc=\"black\">\u00a0<\/span><i><span data-ogsc=\"black\">Fundacja Wsp\u00f3lnie dla Sprawy realizuje projekt dla szk\u00f3\u0142 i przedszkoli Wellbefi Zdalny Psycholog, kt\u00f3ry umo\u017cliwia uczniom, rodzicom i nauczycielom dost\u0119p do bezp\u0142atnych konsultacji psychologicznych online oraz Live Sesji na tematy zwi\u0105zane z dobrostanem psychicznym.&#8221;<\/span><\/i><\/p>\n<\/div>\n<div>\n<p><span data-ogsc=\"black\">\u00a0<\/span><\/p>\n<\/div>\n","protected":false},"excerpt":{"rendered":"<p>Szanowni Pa\u0144stwo, we wtorek zapraszamy na kolejn\u0105 sesj\u0119 dla rodzic\u00f3w przedszkolak\u00f3w i wychowawc\u00f3w. Tym razem porozmawiamy o tym, z czego wynikaj\u0105 zachowania jak bicie, gryzienie czy krzyk u najm\u0142odszych oraz [&hellip;]<\/p>\n","protected":false},"author":450,"featured_media":0,"comment_status":"closed","ping_status":"closed","sticky":false,"template":"","format":"standard","meta":{"ngg_post_thumbnail":0,"footnotes":""},"categories":[7],"tags":[],"class_list":["post-6284","post","type-post","status-publish","format-standard","hentry","category-aktualnosci","clearfix"],"_links":{"self":[{"href":"https:\/\/przedszkole62.edu.wroclaw.pl\/index.php\/wp-json\/wp\/v2\/posts\/6284","targetHints":{"allow":["GET"]}}],"collection":[{"href":"https:\/\/przedszkole62.edu.wroclaw.pl\/index.php\/wp-json\/wp\/v2\/posts"}],"about":[{"href":"https:\/\/przedszkole62.edu.wroclaw.pl\/index.php\/wp-json\/wp\/v2\/types\/post"}],"author":[{"embeddable":true,"href":"https:\/\/przedszkole62.edu.wroclaw.pl\/index.php\/wp-json\/wp\/v2\/users\/450"}],"replies":[{"embeddable":true,"href":"https:\/\/przedszkole62.edu.wroclaw.pl\/index.php\/wp-json\/wp\/v2\/comments?post=6284"}],"version-history":[{"count":1,"href":"https:\/\/przedszkole62.edu.wroclaw.pl\/index.php\/wp-json\/wp\/v2\/posts\/6284\/revisions"}],"predecessor-version":[{"id":6285,"href":"https:\/\/przedszkole62.edu.wroclaw.pl\/index.php\/wp-json\/wp\/v2\/posts\/6284\/revisions\/6285"}],"wp:attachment":[{"href":"https:\/\/przedszkole62.edu.wroclaw.pl\/index.php\/wp-json\/wp\/v2\/media?parent=6284"}],"wp:term":[{"taxonomy":"category","embeddable":true,"href":"https:\/\/przedszkole62.edu.wroclaw.pl\/index.php\/wp-json\/wp\/v2\/categories?post=6284"},{"taxonomy":"post_tag","embeddable":true,"href":"https:\/\/przedszkole62.edu.wroclaw.pl\/index.php\/wp-json\/wp\/v2\/tags?post=6284"}],"curies":[{"name":"wp","href":"https:\/\/api.w.org\/{rel}","templated":true}]}}