
{"id":6309,"date":"2026-04-20T18:28:32","date_gmt":"2026-04-20T16:28:32","guid":{"rendered":"https:\/\/przedszkole62.edu.wroclaw.pl\/?p=6309"},"modified":"2026-04-20T18:40:53","modified_gmt":"2026-04-20T16:40:53","slug":"podziekowanie-za-udzial-w-v-ogolnopolskim-charytatywnym-dniu-w-pizamach","status":"publish","type":"post","link":"https:\/\/przedszkole62.edu.wroclaw.pl\/index.php\/2026\/04\/20\/podziekowanie-za-udzial-w-v-ogolnopolskim-charytatywnym-dniu-w-pizamach\/","title":{"rendered":"PODZI\u0118KOWANIE za udzia\u0142 w V Og\u00f3lnopolskim Charytatywnym &#8222;Dniu w pi\u017camach&#8221;"},"content":{"rendered":"<p style=\"text-align: center\"><strong>Drodzy Rodzice, Kochane Dzieci!!!<\/strong><\/p>\n<p style=\"text-align: center\"><span style=\"color: #ff0000\">Specjalne <strong>PODZI\u0118KOWANIA<\/strong>\u00a0 dla Was<\/span> od <span style=\"color: #3366ff\">FUNDACJI &#8222;Gdy Liczy si\u0119 czas&#8221; \ud83d\ude42<\/span><\/p>\n<p>\u00a0 \u00a0 \u00a0 \u00a0 \u00a0 \u00a0 \u00a0 \u00a0 \u00a0 \u00a0 \u00a0 \u00a0 \u00a0 \u00a0 \u00a0 \u00a0 \u00a0 \u00a0 \u00a0 \u00a0 \u00a0 <img loading=\"lazy\" decoding=\"async\" class=\"alignnone wp-image-6306\" src=\"https:\/\/przedszkole62.edu.wroclaw.pl\/wp-content\/uploads\/sites\/26\/2026\/04\/Zrzut-ekranu-2026-04-20-181448-300x196.png\" alt=\"\" width=\"532\" height=\"348\" srcset=\"https:\/\/przedszkole62.edu.wroclaw.pl\/wp-content\/uploads\/sites\/26\/2026\/04\/Zrzut-ekranu-2026-04-20-181448-300x196.png 300w, https:\/\/przedszkole62.edu.wroclaw.pl\/wp-content\/uploads\/sites\/26\/2026\/04\/Zrzut-ekranu-2026-04-20-181448-768x501.png 768w, https:\/\/przedszkole62.edu.wroclaw.pl\/wp-content\/uploads\/sites\/26\/2026\/04\/Zrzut-ekranu-2026-04-20-181448.png 868w\" sizes=\"auto, (max-width: 532px) 100vw, 532px\" \/>\u00a0 \u00a0 \u00a0 \u00a0 \u00a0 \u00a0 \u00a0 \u00a0 \u00a0 \u00a0 \u00a0<img loading=\"lazy\" decoding=\"async\" class=\"alignnone size-medium wp-image-6307\" src=\"https:\/\/przedszkole62.edu.wroclaw.pl\/wp-content\/uploads\/sites\/26\/2026\/04\/14-212x300.png\" alt=\"\" width=\"212\" height=\"300\" srcset=\"https:\/\/przedszkole62.edu.wroclaw.pl\/wp-content\/uploads\/sites\/26\/2026\/04\/14-212x300.png 212w, https:\/\/przedszkole62.edu.wroclaw.pl\/wp-content\/uploads\/sites\/26\/2026\/04\/14-724x1024.png 724w, https:\/\/przedszkole62.edu.wroclaw.pl\/wp-content\/uploads\/sites\/26\/2026\/04\/14-768x1086.png 768w, https:\/\/przedszkole62.edu.wroclaw.pl\/wp-content\/uploads\/sites\/26\/2026\/04\/14-1086x1536.png 1086w, https:\/\/przedszkole62.edu.wroclaw.pl\/wp-content\/uploads\/sites\/26\/2026\/04\/14-1448x2048.png 1448w, https:\/\/przedszkole62.edu.wroclaw.pl\/wp-content\/uploads\/sites\/26\/2026\/04\/14.png 1587w\" sizes=\"auto, (max-width: 212px) 100vw, 212px\" \/><\/p>\n","protected":false},"excerpt":{"rendered":"<p>Drodzy Rodzice, Kochane Dzieci!!! Specjalne PODZI\u0118KOWANIA\u00a0 dla Was od FUNDACJI &#8222;Gdy Liczy si\u0119 czas&#8221; \ud83d\ude42 \u00a0 \u00a0 \u00a0 \u00a0 \u00a0 \u00a0 \u00a0 \u00a0 \u00a0 \u00a0 \u00a0 \u00a0 \u00a0 \u00a0 \u00a0 [&hellip;]<\/p>\n","protected":false},"author":450,"featured_media":0,"comment_status":"closed","ping_status":"closed","sticky":false,"template":"","format":"standard","meta":{"ngg_post_thumbnail":0,"footnotes":""},"categories":[7],"tags":[],"class_list":["post-6309","post","type-post","status-publish","format-standard","hentry","category-aktualnosci","clearfix"],"_links":{"self":[{"href":"https:\/\/przedszkole62.edu.wroclaw.pl\/index.php\/wp-json\/wp\/v2\/posts\/6309","targetHints":{"allow":["GET"]}}],"collection":[{"href":"https:\/\/przedszkole62.edu.wroclaw.pl\/index.php\/wp-json\/wp\/v2\/posts"}],"about":[{"href":"https:\/\/przedszkole62.edu.wroclaw.pl\/index.php\/wp-json\/wp\/v2\/types\/post"}],"author":[{"embeddable":true,"href":"https:\/\/przedszkole62.edu.wroclaw.pl\/index.php\/wp-json\/wp\/v2\/users\/450"}],"replies":[{"embeddable":true,"href":"https:\/\/przedszkole62.edu.wroclaw.pl\/index.php\/wp-json\/wp\/v2\/comments?post=6309"}],"version-history":[{"count":4,"href":"https:\/\/przedszkole62.edu.wroclaw.pl\/index.php\/wp-json\/wp\/v2\/posts\/6309\/revisions"}],"predecessor-version":[{"id":6313,"href":"https:\/\/przedszkole62.edu.wroclaw.pl\/index.php\/wp-json\/wp\/v2\/posts\/6309\/revisions\/6313"}],"wp:attachment":[{"href":"https:\/\/przedszkole62.edu.wroclaw.pl\/index.php\/wp-json\/wp\/v2\/media?parent=6309"}],"wp:term":[{"taxonomy":"category","embeddable":true,"href":"https:\/\/przedszkole62.edu.wroclaw.pl\/index.php\/wp-json\/wp\/v2\/categories?post=6309"},{"taxonomy":"post_tag","embeddable":true,"href":"https:\/\/przedszkole62.edu.wroclaw.pl\/index.php\/wp-json\/wp\/v2\/tags?post=6309"}],"curies":[{"name":"wp","href":"https:\/\/api.w.org\/{rel}","templated":true}]}}