
{"id":6353,"date":"2026-04-24T17:00:51","date_gmt":"2026-04-24T15:00:51","guid":{"rendered":"https:\/\/przedszkole62.edu.wroclaw.pl\/?p=6353"},"modified":"2026-04-24T17:01:08","modified_gmt":"2026-04-24T15:01:08","slug":"zdalny-psycholog-zaproszenie-na-live-sesje-28-04-2026","status":"publish","type":"post","link":"https:\/\/przedszkole62.edu.wroclaw.pl\/index.php\/2026\/04\/24\/zdalny-psycholog-zaproszenie-na-live-sesje-28-04-2026\/","title":{"rendered":"Zdalny Psycholog &#8211; zaproszenie na Live Sesj\u0119 28.04.2026!!!"},"content":{"rendered":"<div>\n<p><i><span data-ogsc=\"black\" data-olk-copy-source=\"MessageBody\">Szanowni Pa\u0144stwo,<\/span><\/i><\/p>\n<\/div>\n<div>\n<p><i><span data-ogsc=\"black\">w najbli\u017cszy wtorek zapraszamy na kolejn\u0105 sesj\u0119 w ramach projektu Wellbefi Zdalny Psycholog dla rodzic\u00f3w przedszkolak\u00f3w i wychowawc\u00f3w. Tematem spotkania b\u0119dzie budowanie pewno\u015bci siebie u dziecka.<\/span><\/i><\/p>\n<\/div>\n<div>\n<p><span data-ogsc=\"black\">\u00a0<\/span><i><span data-ogsc=\"black\">Mi\u0142o nam r\u00f3wnie\u017c poinformowa\u0107, \u017ce ostatnia sesja cieszy\u0142a si\u0119 bardzo du\u017cym zainteresowaniem, dzi\u0119kujemy za zaanga\u017cowanie. To dla nas wa\u017cny znak, \u017ce podejmowane tematy s\u0105 wa\u017cne i motywacja do dalszej pracy dla Pa\u0144stwa.<\/span><\/i><\/p>\n<div>\n<p><i><span data-ogsc=\"black\" data-olk-copy-source=\"MessageBody\">&#8222;Ka\u017cdy rodzic chce, aby jego dziecko by\u0142o szcz\u0119\u015bliwe. Ale czy ka\u017cdy wie, co robi\u0107, aby dobrze czu\u0142o si\u0119 same ze sob\u0105 i po prostu lubi\u0142o siebie? Zapraszamy na kolejn\u0105 Live Sesj\u0119 w ramach projektu Wellbefi Zdalny Psycholog, podczas kt\u00f3rej porozmawiamy o budowaniu poczucia w\u0142asnej warto\u015bci u dziecka.<\/span><\/i><\/p>\n<\/div>\n<div>\n<p><i><span data-ogsc=\"black\">\u00a0<\/span><\/i><i><span data-ogsc=\"black\">Data i temat spotkania:<\/span><\/i><\/p>\n<\/div>\n<div>\n<p><b><i><span data-ogsc=\"black\">Wtorek, 28.04, godz. 17.00 &#8211; Jak budowa\u0107 zdrowe poczucie w\u0142asnej warto\u015bci u dziecka<\/span><\/i><\/b><\/p>\n<\/div>\n<div>\n<p><i><span data-ogsc=\"black\">Jak wa\u017cne jest poczucie w\u0142asnej warto\u015bci w rozwijaniu si\u0119 i radzeniu sobie w \u017cyciu. Najcz\u0119stsze b\u0142\u0119dy pope\u0142niane w stawianiu oczekiwa\u0144 wobec w\u0142asnych dzieci. Trzy podstawowe czynniki budowania zdrowej samooceny.<\/span><\/i><\/p>\n<\/div>\n<div>\n<p><span data-ogsc=\"black\">\u00a0<\/span><i><span data-ogsc=\"black\">A wieczorem zapraszamy do wys\u0142uchania bajki terapeutycznej! Codziennie (pon.-pt.) o godz. 13.00 i o 19.00 czytamy przedszkolakom na \u017cywo bajki, dzi\u0119ki kt\u00f3rym dzieci poznaj\u0105 razem z sympatycznymi bohaterami r\u00f3\u017cne emocje i sytuacje \u017cyciowe.<\/span><\/i><\/p>\n<\/div>\n<div>\n<p><i><span data-ogsc=\"black\">\u00a0<\/span><\/i><i><span data-ogsc=\"black\">Jak do\u0142\u0105czy\u0107 do sesji lub pos\u0142ucha\u0107 bajki? To proste! Wystarczy klikn\u0105\u0107 wid\u017cet projektu Wellbefi Zdalny Psycholog na stronie internetowej przedszkola. Transmisja rozpocznie si\u0119 automatycznie o wskazanej godzinie. Do zobaczenia!<\/span><\/i><\/p>\n<\/div>\n<div>\n<p><i><span data-ogsc=\"black\">&#8212;&#8212;&#8212;&#8212;&#8212;&#8212;&#8212;&#8212;&#8212;&#8212;&#8212;&#8212;<\/span><\/i><\/p>\n<\/div>\n<div>\n<p><i><span data-ogsc=\"black\">Fundacja Wsp\u00f3lnie dla Sprawy realizuje projekt dla szk\u00f3\u0142 i przedszkoli Wellbefi Zdalny Psycholog, kt\u00f3ry umo\u017cliwia uczniom, rodzicom i nauczycielom dost\u0119p do bezp\u0142atnych konsultacji psychologicznych online oraz Live Sesji na tematy zwi\u0105zane z dobrostanem psychicznym.&#8221;<\/span><\/i><\/p>\n<\/div>\n<\/div>\n","protected":false},"excerpt":{"rendered":"<p>Szanowni Pa\u0144stwo, w najbli\u017cszy wtorek zapraszamy na kolejn\u0105 sesj\u0119 w ramach projektu Wellbefi Zdalny Psycholog dla rodzic\u00f3w przedszkolak\u00f3w i wychowawc\u00f3w. Tematem spotkania b\u0119dzie budowanie pewno\u015bci siebie u dziecka. \u00a0Mi\u0142o nam [&hellip;]<\/p>\n","protected":false},"author":450,"featured_media":0,"comment_status":"closed","ping_status":"closed","sticky":false,"template":"","format":"standard","meta":{"ngg_post_thumbnail":0,"footnotes":""},"categories":[7],"tags":[],"class_list":["post-6353","post","type-post","status-publish","format-standard","hentry","category-aktualnosci","clearfix"],"_links":{"self":[{"href":"https:\/\/przedszkole62.edu.wroclaw.pl\/index.php\/wp-json\/wp\/v2\/posts\/6353","targetHints":{"allow":["GET"]}}],"collection":[{"href":"https:\/\/przedszkole62.edu.wroclaw.pl\/index.php\/wp-json\/wp\/v2\/posts"}],"about":[{"href":"https:\/\/przedszkole62.edu.wroclaw.pl\/index.php\/wp-json\/wp\/v2\/types\/post"}],"author":[{"embeddable":true,"href":"https:\/\/przedszkole62.edu.wroclaw.pl\/index.php\/wp-json\/wp\/v2\/users\/450"}],"replies":[{"embeddable":true,"href":"https:\/\/przedszkole62.edu.wroclaw.pl\/index.php\/wp-json\/wp\/v2\/comments?post=6353"}],"version-history":[{"count":1,"href":"https:\/\/przedszkole62.edu.wroclaw.pl\/index.php\/wp-json\/wp\/v2\/posts\/6353\/revisions"}],"predecessor-version":[{"id":6354,"href":"https:\/\/przedszkole62.edu.wroclaw.pl\/index.php\/wp-json\/wp\/v2\/posts\/6353\/revisions\/6354"}],"wp:attachment":[{"href":"https:\/\/przedszkole62.edu.wroclaw.pl\/index.php\/wp-json\/wp\/v2\/media?parent=6353"}],"wp:term":[{"taxonomy":"category","embeddable":true,"href":"https:\/\/przedszkole62.edu.wroclaw.pl\/index.php\/wp-json\/wp\/v2\/categories?post=6353"},{"taxonomy":"post_tag","embeddable":true,"href":"https:\/\/przedszkole62.edu.wroclaw.pl\/index.php\/wp-json\/wp\/v2\/tags?post=6353"}],"curies":[{"name":"wp","href":"https:\/\/api.w.org\/{rel}","templated":true}]}}