
{"id":6918,"date":"2026-09-03T19:17:11","date_gmt":"2026-09-03T17:17:11","guid":{"rendered":"https:\/\/przedszkole62.edu.wroclaw.pl\/?p=6918"},"modified":"2026-09-03T19:17:27","modified_gmt":"2026-09-03T17:17:27","slug":"zapraszamy-na-live-sesje-8-wrzesnia-2026","status":"publish","type":"post","link":"https:\/\/przedszkole62.edu.wroclaw.pl\/index.php\/2026\/09\/03\/zapraszamy-na-live-sesje-8-wrzesnia-2026\/","title":{"rendered":"Zapraszamy na Live Sesj\u0119 &#8211; 8 wrze\u015bnia 2026!!!"},"content":{"rendered":"<div data-ogsc=\"black\" data-olk-copy-source=\"MessageBody\">Drodzy Rodzice,<\/div>\n<div data-ogsc=\"black\">we wtorek, 8 wrze\u015bnia, spotkamy si\u0119 ponownie na\u00a0<b data-ogsc=\"\">webinarze w ramach projektu Wellbefi Zdalny Psycholog<\/b>.<\/div>\n<div data-ogsc=\"black\"><\/div>\n<div data-ogsc=\"black\">Tematem b\u0119d\u0105 pierwsze dni w przedszkolu, kt\u00f3re s\u0105 zazwyczaj du\u017cym wyzwaniem zar\u00f3wno dla maluch\u00f3w, jak i ich rodzic\u00f3w. Porozmawiamy o tym, co mo\u017ce pom\u00f3c w dobrej aklimatyzacji.<\/div>\n<div aria-hidden=\"true\" data-ogsc=\"black\"><\/div>\n<div data-ogsc=\"black\">Live Sesje przeznaczone dla rodzic\u00f3w i opiekun\u00f3w przedszkolak\u00f3w przygotowuj\u0105 i prowadz\u0105 dla Pa\u0144stwa psycholodzy z Fundacji Wsp\u00f3lnie dla Sprawy.<\/div>\n<div data-ogsc=\"black\"><\/div>\n<div data-ogsc=\"black\">\n<div data-ogsc=\"black\" data-olk-copy-source=\"MessageBody\">Data i temat spotkania:<\/div>\n<div data-ogsc=\"black\"><b data-ogsc=\"\">Wtorek, 08.09, godz. 17:00 \u2013 Pierwsze dni w przedszkolu \u2013 co pomaga w dobrej aklimatyzacji<\/b><\/div>\n<div data-ogsc=\"black\">Jakie wyzwania pojawiaj\u0105 si\u0119 najcz\u0119\u015bciej w pierwszych tygodniach w przedszkolu. W jaki spos\u00f3b reagowa\u0107, kiedy pojawi\u0105 si\u0119 trudne emocje dziecka, takie jak l\u0119k, niepewno\u015b\u0107, t\u0119sknota. Praktyczne wskaz\u00f3wki, kt\u00f3re pomog\u0105 przej\u015b\u0107 przez okres adaptacji pewniej i spokojniej.<\/div>\n<div aria-hidden=\"true\" data-ogsc=\"black\"><\/div>\n<div data-ogsc=\"black\">A na zako\u0144czenie pe\u0142nego wyzwa\u0144 dnia zach\u0119camy\u00a0<b data-ogsc=\"\">do wsp\u00f3lnego s\u0142uchania bajek terapeutycznych<\/b>! Codziennie, od poniedzia\u0142ku do pi\u0105tku, o godz. 13:00 i 19:00, psycholodzy Wellbefi czytaj\u0105 dla Was na \u017cywo historie o charakterze psychologiczno-edukacyjnym, przygotowane specjalnie dla dzieci w wieku przedszkolnym.<\/div>\n<div aria-hidden=\"true\" data-ogsc=\"black\"><\/div>\n<div data-ogsc=\"black\">Je\u017celi chcesz wzi\u0105\u0107 udzia\u0142 w webinarze lub pos\u0142ucha\u0107 bajki, wejd\u017a na stron\u0119 swojego przedszkola o wskazanej godzinie i kliknij wid\u017cet projektu Wellbefi Zdalny Psycholog (zielona s\u0142uchawka). Transmisja rozpocznie si\u0119 automatycznie. Mo\u017cesz do\u0142\u0105czy\u0107 na komputerze lub smartfonie. Zapraszamy!<\/div>\n<div aria-hidden=\"true\" data-ogsc=\"black\"><\/div>\n<div data-ogsc=\"black\">&#8212;&#8212;&#8212;&#8212;&#8212;&#8212;&#8212;&#8212;&#8212;&#8212;-<\/div>\n<div data-ogsc=\"black\">Fundacja Wsp\u00f3lnie dla Sprawy realizuje projekt dla szk\u00f3\u0142 i przedszkoli Wellbefi Zdalny Psycholog, kt\u00f3ry umo\u017cliwia uczniom, rodzicom i nauczycielom dost\u0119p do bezp\u0142atnych konsultacji psychologicznych online oraz Live Sesji na tematy zwi\u0105zane z dobrostanem psychicznym.<\/div>\n<\/div>\n","protected":false},"excerpt":{"rendered":"<p>Drodzy Rodzice, we wtorek, 8 wrze\u015bnia, spotkamy si\u0119 ponownie na\u00a0webinarze w ramach projektu Wellbefi Zdalny Psycholog. Tematem b\u0119d\u0105 pierwsze dni w przedszkolu, kt\u00f3re s\u0105 zazwyczaj du\u017cym wyzwaniem zar\u00f3wno dla maluch\u00f3w, [&hellip;]<\/p>\n","protected":false},"author":450,"featured_media":0,"comment_status":"closed","ping_status":"closed","sticky":false,"template":"","format":"standard","meta":{"ngg_post_thumbnail":0,"footnotes":""},"categories":[7],"tags":[],"class_list":["post-6918","post","type-post","status-publish","format-standard","hentry","category-aktualnosci","clearfix"],"_links":{"self":[{"href":"https:\/\/przedszkole62.edu.wroclaw.pl\/index.php\/wp-json\/wp\/v2\/posts\/6918","targetHints":{"allow":["GET"]}}],"collection":[{"href":"https:\/\/przedszkole62.edu.wroclaw.pl\/index.php\/wp-json\/wp\/v2\/posts"}],"about":[{"href":"https:\/\/przedszkole62.edu.wroclaw.pl\/index.php\/wp-json\/wp\/v2\/types\/post"}],"author":[{"embeddable":true,"href":"https:\/\/przedszkole62.edu.wroclaw.pl\/index.php\/wp-json\/wp\/v2\/users\/450"}],"replies":[{"embeddable":true,"href":"https:\/\/przedszkole62.edu.wroclaw.pl\/index.php\/wp-json\/wp\/v2\/comments?post=6918"}],"version-history":[{"count":1,"href":"https:\/\/przedszkole62.edu.wroclaw.pl\/index.php\/wp-json\/wp\/v2\/posts\/6918\/revisions"}],"predecessor-version":[{"id":6919,"href":"https:\/\/przedszkole62.edu.wroclaw.pl\/index.php\/wp-json\/wp\/v2\/posts\/6918\/revisions\/6919"}],"wp:attachment":[{"href":"https:\/\/przedszkole62.edu.wroclaw.pl\/index.php\/wp-json\/wp\/v2\/media?parent=6918"}],"wp:term":[{"taxonomy":"category","embeddable":true,"href":"https:\/\/przedszkole62.edu.wroclaw.pl\/index.php\/wp-json\/wp\/v2\/categories?post=6918"},{"taxonomy":"post_tag","embeddable":true,"href":"https:\/\/przedszkole62.edu.wroclaw.pl\/index.php\/wp-json\/wp\/v2\/tags?post=6918"}],"curies":[{"name":"wp","href":"https:\/\/api.w.org\/{rel}","templated":true}]}}